{"id":7001,"date":"2025-10-16T19:59:58","date_gmt":"2025-10-16T17:59:58","guid":{"rendered":"https:\/\/www.polarstarfilms.com\/17-de-octubre-estreno-en-cines-el-rugir-de-las-llamas-only-on-earth\/"},"modified":"2025-10-16T20:08:34","modified_gmt":"2025-10-16T18:08:34","slug":"17-de-octubre-estreno-en-cines-el-rugir-de-las-llamas-only-on-earth","status":"publish","type":"post","link":"https:\/\/www.polarstarfilms.com\/ca\/17-de-octubre-estreno-en-cines-el-rugir-de-las-llamas-only-on-earth\/","title":{"rendered":"17 d&#8217;octubre, estrena a cinemes: EL RUGIR DE LAS LLAMAS (ONLY ON EARTH)"},"content":{"rendered":"<p>Ens fa molta il\u00b7lusi\u00f3 comunicar-vos\u00a0<strong>l\u2019estrena del llargmetratge documental\u00a0<\/strong><i><strong>El rugir de las llamas (Only on Earth)<\/strong><\/i>, dirigit per Robin Petr\u00e9 i produ\u00eft per Polar Star Films i Hansen &amp; Pedersen.<\/p>\n<p>Seleccionat a la Berlinale i reconegut amb premis internacionals com a<strong>\u00a0Millor Documental N\u00f2rdic al Nordisk Panorama<\/strong>\u00a0i\u00a0<strong>Millor Llargmetratge Documental al FICMEC<\/strong>, aquest film ens porta al cor de Gal\u00edcia, on humans i cavalls salvatges resisteixen junts davant els incendis que ho devoren tot.<\/p>\n<p><a href=\"https:\/\/youtu.be\/swJsF0fOAyc\"><strong>VEURE EL TR\u00c0ILER<\/strong><\/a><\/p>\n<p>Comprova els dies i horaris al teu cinema m\u00e9s proper:<\/p>\n<p><strong>A Coru\u00f1a<\/strong>\u00a0\u2014\u00a0<a href=\"https:\/\/www.cantonescines.com\/ficha\/pelicula\/4763\" target=\"_new\">Cines Cantones<\/a><br \/>\n<strong>Astorga<\/strong>\u00a0\u2014\u00a0<a href=\"https:\/\/cinevelasco.es\/\" target=\"_new\">Cine Velasco<\/a><br \/>\n<strong>Barcelona<\/strong>\u00a0\u2014\u00a0<a href=\"https:\/\/espaitexas.cat\/pelicula\/el-rugir-de-las-llamas\/\" target=\"_new\">Espai Texas<\/a>\u00a0\u00b7\u00a0<a href=\"https:\/\/www.cinemamalda.com\/el-rugir-de-las-llamas\/\" target=\"_new\">Cine Mald\u00e0<\/a><br \/>\n<strong>Bilbao<\/strong>\u00a0\u2014\u00a0<a href=\"https:\/\/www.reservaentradas.com\/cine\/vizcaya\/multicines7\" target=\"_new\">Multicines Bilbao<\/a><br \/>\n<strong>El Ferrol<\/strong>\u00a0\u2014\u00a0<a href=\"https:\/\/www.duplexcinema.com\/es\/filmes\/el-rugir-de-las-llamas\" target=\"_new\">Duplex Cinema<\/a><br \/>\n<strong>Lleida<\/strong>\u00a0\u2014\u00a0<a href=\"https:\/\/www.screenbox.cat\/\" target=\"_new\">Funatic<\/a><br \/>\n<strong>Madrid<\/strong>\u00a0\u2014\u00a0<a href=\"https:\/\/www.cinesrenoir.com\/cine\/renoir-plaza-de-espana\/cartelera\/\" target=\"_new\">Renoir Plaza Espa\u00f1a<\/a><br \/>\n<strong>Nar\u00f3n<\/strong>\u00a0\u2014\u00a0<a href=\"https:\/\/odeonmulticines.com\/odeon-naron\" target=\"_new\">Ode\u00f3n Multicines Nar\u00f3n<\/a><br \/>\n<strong>Sant Feliu de Llobregat<\/strong>\u00a0\u2014\u00a0<a href=\"https:\/\/www.cinebaix.com\/pellicula\/el-rugir-de-las-llamas\" target=\"_new\">CineBaix<\/a><br \/>\n<strong>Santiago de Compostela<\/strong>\u00a0\u2014\u00a0<a href=\"https:\/\/multicinescompostela.com\/venta-de-entradas\/\" target=\"_new\">Multicines Compostela<\/a>\u00a0\u00b7\u00a0<a href=\"https:\/\/www.numax.org\/cinema\/ficha\/o-ruxir-das-chamas?locale=es\" target=\"_new\">NUMAX<\/a><br \/>\n<strong>Valencia<\/strong>\u00a0\u2014\u00a0<a href=\"https:\/\/www.reservaentradas.com\/sesiones\/valencia\/abcpark\/el-rugir-de-las-llamas\/2537?proximamente=true&amp;\" target=\"_new\">ABC Park<\/a><br \/>\n<strong>Valladolid<\/strong>\u00a0\u2014\u00a0<a href=\"https:\/\/cbroadway.net\/broadway.html\" target=\"_new\">Cines Broadway<\/a><br \/>\n<strong>Vigo<\/strong>\u00a0\u2014\u00a0<a href=\"https:\/\/www.cinestamberlick.com\/ficha\/pelicula\/718\" target=\"_new\">Cines Tamberlick \u2013 Plaza El\u00edptica<\/a>\u00a0\u00b7\u00a0<a href=\"https:\/\/multicinesnorte.eu\/venta-de-entradas\/\" target=\"_new\">Norte<\/a><br \/>\n<strong>Vitoria<\/strong>\u00a0\u2014\u00a0<a href=\"https:\/\/www.cinesflorida.com\/\" target=\"_new\">Cines Florida<\/a><br \/>\n<strong>Zamora<\/strong>\u00a0\u2014\u00a0<a href=\"https:\/\/www.multicineszamora.es\/component\/k2\/item\/4264-rugir-llamas\" target=\"_new\">Multicines Zamora<\/a><br \/>\n<strong>Zigoitia (Gorbeia)<\/strong>\u00a0\u2014\u00a0<a href=\"https:\/\/www.cinesgorbeia.com\/\" target=\"_new\">Cines Gorbeia<\/a><\/p>\n<h3 class=\"default-heading3\"><strong>La premsa ja ha dit d\u2019ella:<\/strong><\/h3>\n<blockquote><p>\u201cPetr\u00e9 esperona amb les seves imatges la reflexi\u00f3 sobre el fr\u00e0gil i complex equilibri entre natura i progr\u00e9s, i sobre les relacions desiguals que es produeixen entre humans i animals. A m\u00e9s de transmetre un missatge ecol\u00f2gic urgent,\u00a0<i>El rugir de les flames<\/i>\u00a0deixa impr\u00e8s a la retina de l\u2019espectador el valor \u00faltim de la resili\u00e8ncia de les persones.\u201d<br \/>\n<i>La Voz de Galicia<\/i><\/p><\/blockquote>\n<blockquote><p>\u201cAconsegueix transmetre a la perfecci\u00f3 no nom\u00e9s el dany que l\u2019incendi est\u00e0 causant, sin\u00f3 tamb\u00e9 la resili\u00e8ncia i l\u2019esfor\u00e7 dels habitants locals.\u201d<br \/>\n<i>Micropsia Cine<\/i><\/p><\/blockquote>\n<blockquote><p>\u201cRobin Petr\u00e9 deixa que el paisatge natural i social parli per si sol, recordant-nos el cinema de Gianfranco Rosi.\u201d<br \/>\n<i>Cinephilia<\/i><\/p><\/blockquote>\n<blockquote><p>\u201cEn aquest delicat cicle de destrucci\u00f3 i renaixement, l\u2019esperan\u00e7a no s\u2019extingeix, sin\u00f3 que espera, amb paci\u00e8ncia, el moment de tornar.\u201d<br \/>\n<i>Journey into Cinema<\/i><\/p><\/blockquote>\n","protected":false},"excerpt":{"rendered":"<p>Ens fa molta il\u00b7lusi\u00f3 comunicar-vos\u00a0l\u2019estrena del llargmetratge documental\u00a0El rugir de las llamas (Only on Earth), dirigit per Robin Petr\u00e9 i produ\u00eft per Polar Star Films i Hansen &amp; Pedersen. Seleccionat a la Berlinale i reconegut amb premis internacionals com a\u00a0Millor Documental N\u00f2rdic al Nordisk Panorama\u00a0i\u00a0Millor Llargmetratge Documental al FICMEC, aquest film ens porta al cor&#8230;<\/p>\n","protected":false},"author":10,"featured_media":6999,"comment_status":"closed","ping_status":"open","sticky":false,"template":"","format":"standard","meta":{"footnotes":""},"categories":[143],"tags":[],"class_list":["post-7001","post","type-post","status-publish","format-standard","has-post-thumbnail","hentry","category-documental-ca"],"_links":{"self":[{"href":"https:\/\/www.polarstarfilms.com\/ca\/wp-json\/wp\/v2\/posts\/7001","targetHints":{"allow":["GET"]}}],"collection":[{"href":"https:\/\/www.polarstarfilms.com\/ca\/wp-json\/wp\/v2\/posts"}],"about":[{"href":"https:\/\/www.polarstarfilms.com\/ca\/wp-json\/wp\/v2\/types\/post"}],"author":[{"embeddable":true,"href":"https:\/\/www.polarstarfilms.com\/ca\/wp-json\/wp\/v2\/users\/10"}],"replies":[{"embeddable":true,"href":"https:\/\/www.polarstarfilms.com\/ca\/wp-json\/wp\/v2\/comments?post=7001"}],"version-history":[{"count":1,"href":"https:\/\/www.polarstarfilms.com\/ca\/wp-json\/wp\/v2\/posts\/7001\/revisions"}],"predecessor-version":[{"id":7002,"href":"https:\/\/www.polarstarfilms.com\/ca\/wp-json\/wp\/v2\/posts\/7001\/revisions\/7002"}],"wp:featuredmedia":[{"embeddable":true,"href":"https:\/\/www.polarstarfilms.com\/ca\/wp-json\/wp\/v2\/media\/6999"}],"wp:attachment":[{"href":"https:\/\/www.polarstarfilms.com\/ca\/wp-json\/wp\/v2\/media?parent=7001"}],"wp:term":[{"taxonomy":"category","embeddable":true,"href":"https:\/\/www.polarstarfilms.com\/ca\/wp-json\/wp\/v2\/categories?post=7001"},{"taxonomy":"post_tag","embeddable":true,"href":"https:\/\/www.polarstarfilms.com\/ca\/wp-json\/wp\/v2\/tags?post=7001"}],"curies":[{"name":"wp","href":"https:\/\/api.w.org\/{rel}","templated":true}]}}