{"id":6978,"date":"2025-07-28T12:19:24","date_gmt":"2025-07-28T10:19:24","guid":{"rendered":"https:\/\/www.polarstarfilms.com\/infiltrats-record-de-30-minuts\/"},"modified":"2025-07-28T13:01:03","modified_gmt":"2025-07-28T11:01:03","slug":"infiltrats-record-de-30-minuts","status":"publish","type":"post","link":"https:\/\/www.polarstarfilms.com\/ca\/infiltrats-record-de-30-minuts\/","title":{"rendered":"INFILTRATS, r\u00e8cord de &#8220;30 minuts&#8221;"},"content":{"rendered":"<p><em>Infiltrats<\/em>, el reportatge que va revelar els patrons, els impactes i els errors de les operacions d&#8217;infiltraci\u00f3 policial en diversos moviments socials, \u00e9s el m\u00e9s vist del programa <em data-start=\"101\" data-end=\"114\">&#8220;30 minuts&#8221;<\/em>. Amb m\u00e9s de 363.000 reproduccions acumulades, aquest reportatge, fruit d&#8217;anys d&#8217;investigaci\u00f3 de <em data-start=\"374\" data-end=\"386\">La Directa<\/em>, \u00e9s el m\u00e9s vist de la hist\u00f2ria del programa a la plataforma digital de 3Cat.<\/p>\n<p>A principis del 2020, almenys quatre agents del Cos Nacional de Policia es van infiltrar en diversos moviments socials dels Pa\u00efsos Catalans. Sota identitats falses, la Maria Perell\u00f3 aterra a Girona, el Ramon Mart\u00ednez a Val\u00e8ncia, i el Daniel Hern\u00e1ndez i el Marc Hern\u00e1ndez a Barcelona. Tots quatre formen part de la 33\u00aa promoci\u00f3 de l\u2019Escola de Policia d\u2019\u00c0vila i actuen sota les ordres de la Comissaria General d\u2019Informaci\u00f3. Dos anys m\u00e9s tard, una investigaci\u00f3 period\u00edstica de la Directa destapa les identitats reals i les traject\u00f2ries d\u2019aquests policies.<\/p>\n<p><a href=\"https:\/\/www.3cat.cat\/324\/els-10-reportatges-i-documentals-mes-vistos-de-la-temporada\/noticia\/3362034\">Veure&#8217;l aqu\u00ed<\/a><\/p>\n","protected":false},"excerpt":{"rendered":"<p>Infiltrats, el reportatge que va revelar els patrons, els impactes i els errors de les operacions d&#8217;infiltraci\u00f3 policial en diversos moviments socials, \u00e9s el m\u00e9s vist del programa &#8220;30 minuts&#8221;. Amb m\u00e9s de 363.000 reproduccions acumulades, aquest reportatge, fruit d&#8217;anys d&#8217;investigaci\u00f3 de La Directa, \u00e9s el m\u00e9s vist de la hist\u00f2ria del programa a la&#8230;<\/p>\n","protected":false},"author":10,"featured_media":6538,"comment_status":"closed","ping_status":"open","sticky":false,"template":"","format":"standard","meta":{"footnotes":""},"categories":[143],"tags":[],"class_list":["post-6978","post","type-post","status-publish","format-standard","has-post-thumbnail","hentry","category-documental-ca"],"_links":{"self":[{"href":"https:\/\/www.polarstarfilms.com\/ca\/wp-json\/wp\/v2\/posts\/6978","targetHints":{"allow":["GET"]}}],"collection":[{"href":"https:\/\/www.polarstarfilms.com\/ca\/wp-json\/wp\/v2\/posts"}],"about":[{"href":"https:\/\/www.polarstarfilms.com\/ca\/wp-json\/wp\/v2\/types\/post"}],"author":[{"embeddable":true,"href":"https:\/\/www.polarstarfilms.com\/ca\/wp-json\/wp\/v2\/users\/10"}],"replies":[{"embeddable":true,"href":"https:\/\/www.polarstarfilms.com\/ca\/wp-json\/wp\/v2\/comments?post=6978"}],"version-history":[{"count":2,"href":"https:\/\/www.polarstarfilms.com\/ca\/wp-json\/wp\/v2\/posts\/6978\/revisions"}],"predecessor-version":[{"id":6980,"href":"https:\/\/www.polarstarfilms.com\/ca\/wp-json\/wp\/v2\/posts\/6978\/revisions\/6980"}],"wp:featuredmedia":[{"embeddable":true,"href":"https:\/\/www.polarstarfilms.com\/ca\/wp-json\/wp\/v2\/media\/6538"}],"wp:attachment":[{"href":"https:\/\/www.polarstarfilms.com\/ca\/wp-json\/wp\/v2\/media?parent=6978"}],"wp:term":[{"taxonomy":"category","embeddable":true,"href":"https:\/\/www.polarstarfilms.com\/ca\/wp-json\/wp\/v2\/categories?post=6978"},{"taxonomy":"post_tag","embeddable":true,"href":"https:\/\/www.polarstarfilms.com\/ca\/wp-json\/wp\/v2\/tags?post=6978"}],"curies":[{"name":"wp","href":"https:\/\/api.w.org\/{rel}","templated":true}]}}