{"id":6910,"date":"2025-07-07T15:57:47","date_gmt":"2025-07-07T13:57:47","guid":{"rendered":"https:\/\/www.polarstarfilms.com\/polar-star-films-first-documentary-now-streaming-on-tenk\/"},"modified":"2025-07-07T17:52:10","modified_gmt":"2025-07-07T15:52:10","slug":"polar-star-films-first-documentary-now-streaming-on-tenk","status":"publish","type":"post","link":"https:\/\/www.polarstarfilms.com\/ca\/polar-star-films-first-documentary-now-streaming-on-tenk\/","title":{"rendered":"La primera producci\u00f3 de Polar Star Films ja \u00e9s disponible a T\u00ebnk"},"content":{"rendered":"<p data-start=\"2426\" data-end=\"2748\">Ens fa molta il\u00b7lusi\u00f3 anunciar que <em data-start=\"2461\" data-end=\"2476\">Dem\u00e0 al Mar<\/em>, el primer llargmetratge documental produ\u00eft per Polar Star Films, ja es pot veure a <a class=\"\" href=\"https:\/\/www.on-tenk.com\/fr\/documentaires\/un-lieu-en-commun\/demain-a-la-plage\" target=\"_new\" rel=\"noopener\" data-start=\"303\" data-end=\"387\">T\u00ebnk<\/a>.\u00a0 Finalitzada l\u2019any 2006 i rodada en un llumin\u00f3s 16\u202fmm, aquesta joia po\u00e8tica arriba finalment a noves audi\u00e8ncies gaireb\u00e9 20 anys despr\u00e9s de la seva estrena.<\/p>\n<p data-start=\"2750\" data-end=\"3183\">Actualment disponible en streaming a <strong>Fran\u00e7a, B\u00e8lgica, Su\u00efssa <\/strong>i <strong>Luxemburg<\/strong>, <em data-start=\"2824\" data-end=\"2839\">Ma\u00f1ana al Mar<\/em> \u00e9s una meditaci\u00f3 sensorial i impressionista sobre envellir i el mar, dirigida per Ines Thomsen. Ambientada a les platges de Barcelona, la pel\u00b7l\u00edcula segueix un grup de gent gran que es reuneix cada dia a la vora del mar, oferint un retrat commovedor i discretament radical de la vellesa no com a decad\u00e8ncia, sin\u00f3 com a transformaci\u00f3 i alegria.<\/p>\n<p data-start=\"3185\" data-end=\"3656\">Una de les protagonistes inoblidables \u00e9s la <strong>Paulina<\/strong>, que tot i caminar amb crossa, respon al cant de sirena del mar amb una determinaci\u00f3 inq\u00fcestionable. Cada dia travessa la sorra lentament i amb dificultat, fins que les onades li toquen els peus. Aleshores, deixa la crossa, es capbussa a l\u2019aigua i esdev\u00e9 ingr\u00e0vida, cantant boleros cubans amb plena llibertat. \u00c9s una escena que resumeix l\u2019\u00e0nima de la pel\u00b7l\u00edcula: la vulnerabilitat del cos i la resili\u00e8ncia de l\u2019esperit.<\/p>\n<p data-start=\"3658\" data-end=\"3963\">Coprodu\u00efda amb <strong>ZDF\/ARTE (Alemania), TVC (Espa\u00f1a)<\/strong> i\u00a0<strong>gop03 (Alemania)<\/strong>, i amb el suport de <strong>ICIC Espa\u00f1a<\/strong> y <strong>Kulturelle Filmf\u00f6rderung Schleswig-Holstein<\/strong>, <em data-start=\"3809\" data-end=\"3824\">Dem\u00e0 al Mar<\/em> va marcar l\u2019inici del cam\u00ed de Polar Star Films en el documental de llarg format. Encara avui \u00e9s una de les obres m\u00e9s estimades de l\u2019equip.<\/p>\n<p data-start=\"3965\" data-end=\"4267\">Veure el tr\u00e0iler <a href=\"https:\/\/www.polarstarfilms.com\/ca\/portfolio\/manana-al-mar\/\">aqu\u00ed<\/a><\/p>\n<p data-start=\"4269\" data-end=\"4473\">Si est\u00e0s en una regi\u00f3 on T\u00ebnk est\u00e0 disponible, pots veure la pel\u00b7l\u00edcula <a class=\"\" href=\"https:\/\/www.on-tenk.com\/fr\/documentaires\/un-lieu-en-commun\/demain-a-la-plage\" target=\"_new\" rel=\"noopener\" data-start=\"4341\" data-end=\"4425\">aqu\u00ed<\/a> amb una subscripci\u00f3 de prova gratu\u00efta d\u2019un mes.<\/p>\n<p data-start=\"4475\" data-end=\"4598\">Ens sentim molt honorats que <em data-start=\"4504\" data-end=\"4519\">Ma\u00f1ana al Mar<\/em> continu\u00ef trobant vida i p\u00fablic gaireb\u00e9 dues d\u00e8cades despr\u00e9s. Submergeix-te-hi.<\/p>\n","protected":false},"excerpt":{"rendered":"<p>Ens fa molta il\u00b7lusi\u00f3 anunciar que Dem\u00e0 al Mar, el primer llargmetratge documental produ\u00eft per Polar Star Films, ja es pot veure a T\u00ebnk.\u00a0 Finalitzada l\u2019any 2006 i rodada en un llumin\u00f3s 16\u202fmm, aquesta joia po\u00e8tica arriba finalment a noves audi\u00e8ncies gaireb\u00e9 20 anys despr\u00e9s de la seva estrena. Actualment disponible en streaming a Fran\u00e7a,&#8230;<\/p>\n","protected":false},"author":10,"featured_media":6905,"comment_status":"closed","ping_status":"open","sticky":false,"template":"","format":"standard","meta":{"footnotes":""},"categories":[143],"tags":[],"class_list":["post-6910","post","type-post","status-publish","format-standard","has-post-thumbnail","hentry","category-documental-ca"],"_links":{"self":[{"href":"https:\/\/www.polarstarfilms.com\/ca\/wp-json\/wp\/v2\/posts\/6910","targetHints":{"allow":["GET"]}}],"collection":[{"href":"https:\/\/www.polarstarfilms.com\/ca\/wp-json\/wp\/v2\/posts"}],"about":[{"href":"https:\/\/www.polarstarfilms.com\/ca\/wp-json\/wp\/v2\/types\/post"}],"author":[{"embeddable":true,"href":"https:\/\/www.polarstarfilms.com\/ca\/wp-json\/wp\/v2\/users\/10"}],"replies":[{"embeddable":true,"href":"https:\/\/www.polarstarfilms.com\/ca\/wp-json\/wp\/v2\/comments?post=6910"}],"version-history":[{"count":2,"href":"https:\/\/www.polarstarfilms.com\/ca\/wp-json\/wp\/v2\/posts\/6910\/revisions"}],"predecessor-version":[{"id":6914,"href":"https:\/\/www.polarstarfilms.com\/ca\/wp-json\/wp\/v2\/posts\/6910\/revisions\/6914"}],"wp:featuredmedia":[{"embeddable":true,"href":"https:\/\/www.polarstarfilms.com\/ca\/wp-json\/wp\/v2\/media\/6905"}],"wp:attachment":[{"href":"https:\/\/www.polarstarfilms.com\/ca\/wp-json\/wp\/v2\/media?parent=6910"}],"wp:term":[{"taxonomy":"category","embeddable":true,"href":"https:\/\/www.polarstarfilms.com\/ca\/wp-json\/wp\/v2\/categories?post=6910"},{"taxonomy":"post_tag","embeddable":true,"href":"https:\/\/www.polarstarfilms.com\/ca\/wp-json\/wp\/v2\/tags?post=6910"}],"curies":[{"name":"wp","href":"https:\/\/api.w.org\/{rel}","templated":true}]}}