{"id":6819,"date":"2025-05-20T12:01:58","date_gmt":"2025-05-20T10:01:58","guid":{"rendered":"https:\/\/www.polarstarfilms.com\/the-click-trap-wins-best-television-documentary-at-the-prodocs-awards\/"},"modified":"2025-05-20T13:00:10","modified_gmt":"2025-05-20T11:00:10","slug":"la-trampa-del-clic-the-click-trap-guanya-el-premi-prodocs-al-millor-documental-televisiu","status":"publish","type":"post","link":"https:\/\/www.polarstarfilms.com\/ca\/la-trampa-del-clic-the-click-trap-guanya-el-premi-prodocs-al-millor-documental-televisiu\/","title":{"rendered":"&#x1f389; La trampa del clic (The Click Trap) guanya el Premi ProDocs al Millor Documental Televisiu!"},"content":{"rendered":"<p>Estem molt contents d\u2019anunciar que <em>La trampa del clic<\/em> ha estat guardonat com a <strong>Millor Documental Televisiu<\/strong> a la <strong>12a edici\u00f3 dels Premis ProDocs<\/strong>, que reconeixen els millors documentals televisius produ\u00efts a l\u2019estat espanyol.<\/p>\n<p><!--more--><\/p>\n<p><img loading=\"lazy\" decoding=\"async\" class=\"alignleft wp-image-6812\" src=\"https:\/\/www.polarstarfilms.com\/wp-content\/uploads\/2025\/05\/premi_prodocs_click_trap-263x350.jpg\" alt=\"\" width=\"400\" height=\"533\" srcset=\"https:\/\/www.polarstarfilms.com\/wp-content\/uploads\/2025\/05\/premi_prodocs_click_trap-263x350.jpg 263w, https:\/\/www.polarstarfilms.com\/wp-content\/uploads\/2025\/05\/premi_prodocs_click_trap-768x1024.jpg 768w, https:\/\/www.polarstarfilms.com\/wp-content\/uploads\/2025\/05\/premi_prodocs_click_trap-188x250.jpg 188w, https:\/\/www.polarstarfilms.com\/wp-content\/uploads\/2025\/05\/premi_prodocs_click_trap-680x906.jpg 680w, https:\/\/www.polarstarfilms.com\/wp-content\/uploads\/2025\/05\/premi_prodocs_click_trap-200x267.jpg 200w, https:\/\/www.polarstarfilms.com\/wp-content\/uploads\/2025\/05\/premi_prodocs_click_trap-500x667.jpg 500w, https:\/\/www.polarstarfilms.com\/wp-content\/uploads\/2025\/05\/premi_prodocs_click_trap.jpg 1000w\" sizes=\"auto, (max-width: 400px) 100vw, 400px\" \/><\/p>\n<p>Dirigit per <strong>Peter Porta<\/strong> i produ\u00eft per <strong>Polar Star Films<\/strong> per a <strong>RTVE<\/strong>, <em>La trampa del clic<\/em> aborda un dels grans reptes del nostre temps: la desinformaci\u00f3 i les estafes digitals que sostenen una multimilion\u00e0ria ind\u00fastria publicit\u00e0ria. El documental destapa com les plataformes digitals es lucren amb la viralitat de la mentida i l\u2019engany.<\/p>\n<p>El premi va ser recollit durant l\u2019acte de cloenda del festival <strong>DocsBarcelona<\/strong> pel director Peter Porta i el productor Carles Brugueras, cofundador de Polar Star Films. \u00c9s un reconeixement que ens omple d\u2019orgull i que celebra l\u2019esfor\u00e7 col\u00b7lectiu d\u2019un equip comprom\u00e8s amb el periodisme audiovisual i el pensament cr\u00edtic.<\/p>\n<p>Volem felicitar tamb\u00e9 el documental <strong>\u201cMegamix Brutal\u201d<\/strong>, dirigit per Rafa de los Arcos i produ\u00eft per Del Barrio Producciones per a Som3cat, La2 i RTVE Play, guanyador del premi a <strong>Millor S\u00e8rie Documental<\/strong>. Enhorabona a tot l\u2019equip!<\/p>\n<p>Moltes gr\u00e0cies als <strong>Premis ProDocs<\/strong> i al <strong>Festival DocsBarcelona<\/strong> per donar espai a projectes que q\u00fcestionen i expliquen el m\u00f3n en qu\u00e8 vivim. I sobretot, gr\u00e0cies al p\u00fablic que creu i dona suport al documental d\u2019autor.<\/p>\n<p><a href=\"https:\/\/www.rtve.es\/play\/videos\/documaster\/trampa-clic\/16325219\/\">Podeu veure <em>La trampa del clic<\/em> a <strong>RTVE<\/strong><\/a><strong> Play<\/strong> i seguir-nos per estar al dia de novetats, projeccions i continguts especials.<\/p>\n<p>&#x1f449; #LaTrampaDelClic #TheClickTrap #ProDocs2025 #DocsBarcelona #DocumentalTelevisivo<\/p>\n","protected":false},"excerpt":{"rendered":"<p>Estem molt contents d\u2019anunciar que La trampa del clic ha estat guardonat com a Millor Documental Televisiu a la 12a edici\u00f3 dels Premis ProDocs, que reconeixen els millors documentals televisius produ\u00efts a l\u2019estat espanyol.<\/p>\n","protected":false},"author":11,"featured_media":6817,"comment_status":"closed","ping_status":"open","sticky":false,"template":"","format":"standard","meta":{"footnotes":""},"categories":[143],"tags":[],"class_list":["post-6819","post","type-post","status-publish","format-standard","has-post-thumbnail","hentry","category-documental-ca"],"_links":{"self":[{"href":"https:\/\/www.polarstarfilms.com\/ca\/wp-json\/wp\/v2\/posts\/6819","targetHints":{"allow":["GET"]}}],"collection":[{"href":"https:\/\/www.polarstarfilms.com\/ca\/wp-json\/wp\/v2\/posts"}],"about":[{"href":"https:\/\/www.polarstarfilms.com\/ca\/wp-json\/wp\/v2\/types\/post"}],"author":[{"embeddable":true,"href":"https:\/\/www.polarstarfilms.com\/ca\/wp-json\/wp\/v2\/users\/11"}],"replies":[{"embeddable":true,"href":"https:\/\/www.polarstarfilms.com\/ca\/wp-json\/wp\/v2\/comments?post=6819"}],"version-history":[{"count":3,"href":"https:\/\/www.polarstarfilms.com\/ca\/wp-json\/wp\/v2\/posts\/6819\/revisions"}],"predecessor-version":[{"id":6857,"href":"https:\/\/www.polarstarfilms.com\/ca\/wp-json\/wp\/v2\/posts\/6819\/revisions\/6857"}],"wp:featuredmedia":[{"embeddable":true,"href":"https:\/\/www.polarstarfilms.com\/ca\/wp-json\/wp\/v2\/media\/6817"}],"wp:attachment":[{"href":"https:\/\/www.polarstarfilms.com\/ca\/wp-json\/wp\/v2\/media?parent=6819"}],"wp:term":[{"taxonomy":"category","embeddable":true,"href":"https:\/\/www.polarstarfilms.com\/ca\/wp-json\/wp\/v2\/categories?post=6819"},{"taxonomy":"post_tag","embeddable":true,"href":"https:\/\/www.polarstarfilms.com\/ca\/wp-json\/wp\/v2\/tags?post=6819"}],"curies":[{"name":"wp","href":"https:\/\/api.w.org\/{rel}","templated":true}]}}