{"id":6780,"date":"2025-05-15T12:42:29","date_gmt":"2025-05-15T10:42:29","guid":{"rendered":"https:\/\/www.polarstarfilms.com\/?p=6780"},"modified":"2025-05-15T12:53:59","modified_gmt":"2025-05-15T10:53:59","slug":"nova-sessio-dies-curts-a-la-filmoteca-de-catalunya-el-dia-que-volaron-la-montana-dalba-bresoli","status":"publish","type":"post","link":"https:\/\/www.polarstarfilms.com\/ca\/nova-sessio-dies-curts-a-la-filmoteca-de-catalunya-el-dia-que-volaron-la-montana-dalba-bresoli\/","title":{"rendered":"Nova sessi\u00f3 \u2018Dies Curts\u2019 a la Filmoteca de Catalunya: \u201cEl d\u00eda que volaron la monta\u00f1a\u201d d\u2019Alba\u202fBresol\u00ed"},"content":{"rendered":"<p>La Filmoteca de Catalunya inclou a la seva programaci\u00f3 de <a href=\"https:\/\/filmoteca.cat\/web\/es\/node\/53328\" target=\"_blank\" rel=\"noopener\"><strong>Dies Curts 2025<\/strong><\/a> el documental <em>El d\u00eda que volaron la monta\u00f1a<\/em>, un curt de <strong>28\u202fmin<\/strong> dirigit per <strong>Alba\u202fBresol\u00ed Aliberch<\/strong> i coprodu\u00eft per <strong>Polar Star Films<\/strong> amb el suport de l\u2019ICEC i l\u2019ICAA. <!--more-->La sessi\u00f3 tindr\u00e0 lloc <strong>dimarts 20 de maig<\/strong> a les <strong>19\u202fh<\/strong> a la <strong>Sala Laya<\/strong> (Pla\u00e7a Salvador Segu\u00ed, Barcelona).<\/p>\n<p><img loading=\"lazy\" decoding=\"async\" class=\"aligncenter wp-image-6793 size-large\" src=\"https:\/\/www.polarstarfilms.com\/wp-content\/uploads\/2025\/05\/lamontanya2-1024x553.jpg\" alt=\"\" width=\"1024\" height=\"553\" srcset=\"https:\/\/www.polarstarfilms.com\/wp-content\/uploads\/2025\/05\/lamontanya2-1024x553.jpg 1024w, https:\/\/www.polarstarfilms.com\/wp-content\/uploads\/2025\/05\/lamontanya2-350x189.jpg 350w, https:\/\/www.polarstarfilms.com\/wp-content\/uploads\/2025\/05\/lamontanya2-250x135.jpg 250w, https:\/\/www.polarstarfilms.com\/wp-content\/uploads\/2025\/05\/lamontanya2-1536x829.jpg 1536w, https:\/\/www.polarstarfilms.com\/wp-content\/uploads\/2025\/05\/lamontanya2-680x367.jpg 680w, https:\/\/www.polarstarfilms.com\/wp-content\/uploads\/2025\/05\/lamontanya2-200x108.jpg 200w, https:\/\/www.polarstarfilms.com\/wp-content\/uploads\/2025\/05\/lamontanya2-500x270.jpg 500w, https:\/\/www.polarstarfilms.com\/wp-content\/uploads\/2025\/05\/lamontanya2.jpg 1920w\" sizes=\"auto, (max-width: 1024px) 100vw, 1024px\" \/><\/p>\n<p><strong>Sinopsi breu:<\/strong><br \/>\nAls anys 50, el poble d\u2019Esc\u00f3 (Osca) va ser expropiat per al pant\u00e0, per\u00f2 la fam\u00edlia Guallar\u2014els germans F\u00e9lix, Baltasar i Evaristo\u2014es va negar a marxar. Avui encara viuen a\u00efllats amb les seves ovelles, fins que un nou perill arriba: la construcci\u00f3 d\u2019una autopista.<\/p>\n<p><a href=\"https:\/\/www.polarstarfilms.com\/portfolio\/el-dia-que-volaron-la-montana\/\" target=\"_blank\" rel=\"noopener\"><em>El d\u00eda que volaron la monta\u00f1a<\/em><\/a> ha estat reconegut internacionalment en festivals com <strong>M\u00e1laga (Menci\u00f3 Especial del Jurat), IndieLisboa, DocumentaMadrid (Premi del Jurat Jove), Sheffield, D\u2019A, Manlleu, Manaki Brothers, Cerdanya, Foradcamp, Granada, IDFA (\u201cBest of Fests\u201d), Catalan Film Festival Scotland<\/strong>, a m\u00e9s de rebre nominacions als <strong>Gaud\u00ed<\/strong> i als <strong>Goya<\/strong> i premis a <strong>Big Sky<\/strong> i <strong>GoShort<\/strong>.<\/p>\n<p><strong>Sobre la directora:<\/strong><br \/>\nAlba\u202fBresol\u00ed, amb una traject\u00f2ria marcada per una mirada emp\u00e0tica i col\u00b7lectiva, explora paisatges i comunitats petites amb un fort vincle hum\u00e0. La sessi\u00f3 <strong>Dies Curts<\/strong> combina aquesta pe\u00e7a amb altres treballs seus, com <em>Domus<\/em> (2020) i <em>El bon auguri<\/em> (2024), per subratllar el seu estil de cinema \u00edntim i pol\u00edtic.<\/p>\n<p><strong>Projeccions i venda d\u2019entrades<\/strong><br \/>\n\u2013 <strong>Data i hora:<\/strong> Dimarts 20 de maig, 19\u202fh<br \/>\n\u2013 <strong>Lloc:<\/strong> Sala Laya, Filmoteca de Catalunya<br \/>\n\u2013 <strong>Entrades:<\/strong> <a href=\"https:\/\/euromus.cultura.gencat.cat\/filmoteca\/venda\/index.jsp?lang=1&amp;nom_cache=FILMOTECA&amp;property=FILMOTECA#close\" target=\"_blank\" rel=\"noopener\">a la web de la Filmoteca<\/a><\/p>\n","protected":false},"excerpt":{"rendered":"<p>La Filmoteca de Catalunya inclou a la seva programaci\u00f3 de Dies Curts 2025 el documental El d\u00eda que volaron la monta\u00f1a, un curt de 28\u202fmin dirigit per Alba\u202fBresol\u00ed Aliberch i coprodu\u00eft per Polar Star Films amb el suport de l\u2019ICEC i l\u2019ICAA.<\/p>\n","protected":false},"author":11,"featured_media":6796,"comment_status":"closed","ping_status":"open","sticky":false,"template":"","format":"standard","meta":{"footnotes":""},"categories":[143],"tags":[],"class_list":["post-6780","post","type-post","status-publish","format-standard","has-post-thumbnail","hentry","category-documental-ca"],"_links":{"self":[{"href":"https:\/\/www.polarstarfilms.com\/ca\/wp-json\/wp\/v2\/posts\/6780","targetHints":{"allow":["GET"]}}],"collection":[{"href":"https:\/\/www.polarstarfilms.com\/ca\/wp-json\/wp\/v2\/posts"}],"about":[{"href":"https:\/\/www.polarstarfilms.com\/ca\/wp-json\/wp\/v2\/types\/post"}],"author":[{"embeddable":true,"href":"https:\/\/www.polarstarfilms.com\/ca\/wp-json\/wp\/v2\/users\/11"}],"replies":[{"embeddable":true,"href":"https:\/\/www.polarstarfilms.com\/ca\/wp-json\/wp\/v2\/comments?post=6780"}],"version-history":[{"count":3,"href":"https:\/\/www.polarstarfilms.com\/ca\/wp-json\/wp\/v2\/posts\/6780\/revisions"}],"predecessor-version":[{"id":6800,"href":"https:\/\/www.polarstarfilms.com\/ca\/wp-json\/wp\/v2\/posts\/6780\/revisions\/6800"}],"wp:featuredmedia":[{"embeddable":true,"href":"https:\/\/www.polarstarfilms.com\/ca\/wp-json\/wp\/v2\/media\/6796"}],"wp:attachment":[{"href":"https:\/\/www.polarstarfilms.com\/ca\/wp-json\/wp\/v2\/media?parent=6780"}],"wp:term":[{"taxonomy":"category","embeddable":true,"href":"https:\/\/www.polarstarfilms.com\/ca\/wp-json\/wp\/v2\/categories?post=6780"},{"taxonomy":"post_tag","embeddable":true,"href":"https:\/\/www.polarstarfilms.com\/ca\/wp-json\/wp\/v2\/tags?post=6780"}],"curies":[{"name":"wp","href":"https:\/\/api.w.org\/{rel}","templated":true}]}}