{"id":6748,"date":"2025-05-15T10:17:34","date_gmt":"2025-05-15T08:17:34","guid":{"rendered":"https:\/\/www.polarstarfilms.com\/mums-gets-a-special-mention-at-porto-femme\/"},"modified":"2025-05-15T10:31:08","modified_gmt":"2025-05-15T08:31:08","slug":"mares-obte-una-mencio-especial-a-porto-femme","status":"publish","type":"post","link":"https:\/\/www.polarstarfilms.com\/ca\/mares-obte-una-mencio-especial-a-porto-femme\/","title":{"rendered":"MARES obt\u00e9 una menci\u00f3 especial a Porto Femme"},"content":{"rendered":"<p>Des del festival portugu\u00e8s Porto Femme, ens van fer arribar aquestes boniques paraules del jurat sobre <em>Mares<\/em> durant la seva entrega de premis:<\/p>\n<p><!--more--><\/p>\n<p><img loading=\"lazy\" decoding=\"async\" class=\"alignleft wp-image-6754\" src=\"https:\/\/www.polarstarfilms.com\/wp-content\/uploads\/2025\/05\/250508_SPECIALMENTIONPF_-280x350.png\" alt=\"\" width=\"400\" height=\"500\" srcset=\"https:\/\/www.polarstarfilms.com\/wp-content\/uploads\/2025\/05\/250508_SPECIALMENTIONPF_-280x350.png 280w, https:\/\/www.polarstarfilms.com\/wp-content\/uploads\/2025\/05\/250508_SPECIALMENTIONPF_-819x1024.png 819w, https:\/\/www.polarstarfilms.com\/wp-content\/uploads\/2025\/05\/250508_SPECIALMENTIONPF_-200x250.png 200w, https:\/\/www.polarstarfilms.com\/wp-content\/uploads\/2025\/05\/250508_SPECIALMENTIONPF_-680x850.png 680w, https:\/\/www.polarstarfilms.com\/wp-content\/uploads\/2025\/05\/250508_SPECIALMENTIONPF_-500x625.png 500w, https:\/\/www.polarstarfilms.com\/wp-content\/uploads\/2025\/05\/250508_SPECIALMENTIONPF_.png 960w\" sizes=\"auto, (max-width: 400px) 100vw, 400px\" \/>&#8220;El jurat de la Compet\u00e8ncia Tem\u00e0tica ha decidit atorgar una menci\u00f3 especial al documental <em>Mares<\/em> pel valor de les protagonistes en compartir la seva pr\u00f2pia experi\u00e8ncia de manera honesta i propera. La pel\u00b7l\u00edcula flueix amb naturalitat sense explorar prejudicis. Una hist\u00f2ria d\u2019amor i resili\u00e8ncia, amb una direcci\u00f3 \u00edntima i reveladora de la vida quotidiana.&#8221;<\/p>\n<p>&nbsp;<\/p>\n","protected":false},"excerpt":{"rendered":"<p>Des del festival portugu\u00e8s Porto Femme, ens van fer arribar aquestes boniques paraules del jurat sobre Mares durant la seva entrega de premis:<\/p>\n","protected":false},"author":11,"featured_media":6757,"comment_status":"closed","ping_status":"open","sticky":false,"template":"","format":"standard","meta":{"footnotes":""},"categories":[143],"tags":[],"class_list":["post-6748","post","type-post","status-publish","format-standard","has-post-thumbnail","hentry","category-documental-ca"],"_links":{"self":[{"href":"https:\/\/www.polarstarfilms.com\/ca\/wp-json\/wp\/v2\/posts\/6748","targetHints":{"allow":["GET"]}}],"collection":[{"href":"https:\/\/www.polarstarfilms.com\/ca\/wp-json\/wp\/v2\/posts"}],"about":[{"href":"https:\/\/www.polarstarfilms.com\/ca\/wp-json\/wp\/v2\/types\/post"}],"author":[{"embeddable":true,"href":"https:\/\/www.polarstarfilms.com\/ca\/wp-json\/wp\/v2\/users\/11"}],"replies":[{"embeddable":true,"href":"https:\/\/www.polarstarfilms.com\/ca\/wp-json\/wp\/v2\/comments?post=6748"}],"version-history":[{"count":2,"href":"https:\/\/www.polarstarfilms.com\/ca\/wp-json\/wp\/v2\/posts\/6748\/revisions"}],"predecessor-version":[{"id":6760,"href":"https:\/\/www.polarstarfilms.com\/ca\/wp-json\/wp\/v2\/posts\/6748\/revisions\/6760"}],"wp:featuredmedia":[{"embeddable":true,"href":"https:\/\/www.polarstarfilms.com\/ca\/wp-json\/wp\/v2\/media\/6757"}],"wp:attachment":[{"href":"https:\/\/www.polarstarfilms.com\/ca\/wp-json\/wp\/v2\/media?parent=6748"}],"wp:term":[{"taxonomy":"category","embeddable":true,"href":"https:\/\/www.polarstarfilms.com\/ca\/wp-json\/wp\/v2\/categories?post=6748"},{"taxonomy":"post_tag","embeddable":true,"href":"https:\/\/www.polarstarfilms.com\/ca\/wp-json\/wp\/v2\/tags?post=6748"}],"curies":[{"name":"wp","href":"https:\/\/api.w.org\/{rel}","templated":true}]}}