{"id":6046,"date":"2023-02-17T13:03:09","date_gmt":"2023-02-17T11:03:09","guid":{"rendered":"https:\/\/www.polarstarfilms.com\/?p=6046"},"modified":"2023-02-17T13:03:09","modified_gmt":"2023-02-17T11:03:09","slug":"duo-de-meritxell-colell-disponible-a-filmin-i-vimeo-on-demand","status":"publish","type":"post","link":"https:\/\/www.polarstarfilms.com\/ca\/duo-de-meritxell-colell-disponible-a-filmin-i-vimeo-on-demand\/","title":{"rendered":"\u201cDUO\u201d, de Meritxell Colell, disponible a Filmin i Vimeo on Demand"},"content":{"rendered":"<p><strong>\u00a0<\/strong><\/p>\n<p>Despr\u00e9s de guanyar la Bisnaga de Plata a Millor Direcci\u00f3 al Festival de M\u00e0laga, i ser candidata als Goya i als Gaud\u00ed, DUO per fi est\u00e0 disponible a Filmin i Vimeo on Demand.<\/p>\n<p><!--more--><img loading=\"lazy\" decoding=\"async\" class=\"size-medium wp-image-6039 alignright\" src=\"https:\/\/www.polarstarfilms.com\/wp-content\/uploads\/2023\/02\/Duo_VOD-197x350.jpg\" alt=\"\" width=\"197\" height=\"350\" srcset=\"https:\/\/www.polarstarfilms.com\/wp-content\/uploads\/2023\/02\/Duo_VOD-197x350.jpg 197w, https:\/\/www.polarstarfilms.com\/wp-content\/uploads\/2023\/02\/Duo_VOD-576x1024.jpg 576w, https:\/\/www.polarstarfilms.com\/wp-content\/uploads\/2023\/02\/Duo_VOD-141x250.jpg 141w, https:\/\/www.polarstarfilms.com\/wp-content\/uploads\/2023\/02\/Duo_VOD-864x1536.jpg 864w, https:\/\/www.polarstarfilms.com\/wp-content\/uploads\/2023\/02\/Duo_VOD-680x1209.jpg 680w, https:\/\/www.polarstarfilms.com\/wp-content\/uploads\/2023\/02\/Duo_VOD-200x356.jpg 200w, https:\/\/www.polarstarfilms.com\/wp-content\/uploads\/2023\/02\/Duo_VOD-500x889.jpg 500w, https:\/\/www.polarstarfilms.com\/wp-content\/uploads\/2023\/02\/Duo_VOD.jpg 1080w\" sizes=\"auto, (max-width: 197px) 100vw, 197px\" \/>La pel\u00b7l\u00edcula retrata l&#8217;estranyesa de dos int\u00e8rprets davant d&#8217;un m\u00f3n desconegut que posa en q\u00fcesti\u00f3 el sentit de la seva relaci\u00f3 i de l\u2019afer art\u00edstic.<\/p>\n<p>La cineasta repr\u00e8n, a <em>D\u00daO<\/em>, la hist\u00f2ria de la M\u00f3nica, la ballarina protagonista de la seva pel\u00b7l\u00edcula <em>Con el viento<\/em>. Ara, ha deixat el petit poble de Burgos i est\u00e0 de gira amb la seva parella pel nord d&#8217;Argentina, on porta a terme un espectacle de dansa.<\/p>\n<p><a href=\"https:\/\/atalantecinema.com\/film\/duo\/\">D\u00daO<\/a> \u00e9s el segon llargmetratge de ficci\u00f3 de Meritxell Colell, que sorgeix, en paraules de la directora, de &#8220;la necessitat de seguir el personatge de M\u00f3nica despr\u00e9s de <em>Con el viento<\/em>, d\u2019acompanyar-la en un nou viatge de tornada a Argentina i en una gira de dansa contempor\u00e0nia a territoris remots on l&#8217;art est\u00e0 lligat a la vida, perqu\u00e8 tota transformaci\u00f3 obre una nova crisi\u201d.<\/p>\n<p style=\"text-align: center;\"><em>\u201cD\u00fao es, una de las pel\u00edculas que, como Alcarr\u00e0s, deber\u00edan quedar en la memoria de este vig\u00e9simo quinto Festival de M\u00e1laga\u201d (Enric Alberom, El Espa\u00f1ol)<\/em><\/p>\n<p style=\"text-align: center;\"><em>\u201cUn relato sobre el desamor pero tambi\u00e9n sobre la necesidad de encontrarse, con uno mismo y con el resto\u201d (Laura Mart\u00ednez, Cadena Ser)<\/em><\/p>\n<p style=\"text-align: center;\"><em>\u201cUn viaje por el norte de Argentina es la excusa de la realizadora para firmar una obra maestra\u201d (Mat\u00edas G. Rebolledo, La Raz\u00f3n)<\/em><\/p>\n<p style=\"text-align: center;\">Et recordem que aqu\u00ed pots veure quines de les nostres pel\u00b7l\u00edcules estan disponibles a plataformes per al seu visionat.<\/p>\n<p><a href=\"https:\/\/vimeo.com\/ondemand\/duopelicula\">Video On Demand<\/a><\/p>\n<p><a href=\"https:\/\/www.filmin.es\/pelicula\/duo\">FILMIN<\/a><\/p>\n<p><a href=\"https:\/\/atalantecinema.com\/film\/duo\/\">D\u00daO<\/a><\/p>\n<p><a href=\"https:\/\/www.polarstarfilms.com\/ca\/portfolio\/con-el-viento\/\">CON EL VIENTO<\/a><\/p>\n<p><a href=\"https:\/\/www.polarstarfilms.com\/stream-online\/\">AQU\u00cd<\/a><\/p>\n","protected":false},"excerpt":{"rendered":"<p>\u00a0 Despr\u00e9s de guanyar la Bisnaga de Plata a Millor Direcci\u00f3 al Festival de M\u00e0laga, i ser candidata als Goya i als Gaud\u00ed, DUO per fi est\u00e0 disponible a Filmin i Vimeo on Demand.<\/p>\n","protected":false},"author":11,"featured_media":6043,"comment_status":"closed","ping_status":"open","sticky":false,"template":"","format":"standard","meta":{"footnotes":""},"categories":[145],"tags":[],"class_list":["post-6046","post","type-post","status-publish","format-standard","has-post-thumbnail","hentry","category-ficcio"],"_links":{"self":[{"href":"https:\/\/www.polarstarfilms.com\/ca\/wp-json\/wp\/v2\/posts\/6046","targetHints":{"allow":["GET"]}}],"collection":[{"href":"https:\/\/www.polarstarfilms.com\/ca\/wp-json\/wp\/v2\/posts"}],"about":[{"href":"https:\/\/www.polarstarfilms.com\/ca\/wp-json\/wp\/v2\/types\/post"}],"author":[{"embeddable":true,"href":"https:\/\/www.polarstarfilms.com\/ca\/wp-json\/wp\/v2\/users\/11"}],"replies":[{"embeddable":true,"href":"https:\/\/www.polarstarfilms.com\/ca\/wp-json\/wp\/v2\/comments?post=6046"}],"version-history":[{"count":5,"href":"https:\/\/www.polarstarfilms.com\/ca\/wp-json\/wp\/v2\/posts\/6046\/revisions"}],"predecessor-version":[{"id":6067,"href":"https:\/\/www.polarstarfilms.com\/ca\/wp-json\/wp\/v2\/posts\/6046\/revisions\/6067"}],"wp:featuredmedia":[{"embeddable":true,"href":"https:\/\/www.polarstarfilms.com\/ca\/wp-json\/wp\/v2\/media\/6043"}],"wp:attachment":[{"href":"https:\/\/www.polarstarfilms.com\/ca\/wp-json\/wp\/v2\/media?parent=6046"}],"wp:term":[{"taxonomy":"category","embeddable":true,"href":"https:\/\/www.polarstarfilms.com\/ca\/wp-json\/wp\/v2\/categories?post=6046"},{"taxonomy":"post_tag","embeddable":true,"href":"https:\/\/www.polarstarfilms.com\/ca\/wp-json\/wp\/v2\/tags?post=6046"}],"curies":[{"name":"wp","href":"https:\/\/api.w.org\/{rel}","templated":true}]}}