{"id":5885,"date":"2022-11-22T11:35:31","date_gmt":"2022-11-22T09:35:31","guid":{"rendered":"https:\/\/www.polarstarfilms.com\/?p=5885"},"modified":"2022-11-22T11:35:31","modified_gmt":"2022-11-22T09:35:31","slug":"quatre-pel%c2%b7licules-candidates-als-premis-goya","status":"publish","type":"post","link":"https:\/\/www.polarstarfilms.com\/ca\/quatre-pel%c2%b7licules-candidates-als-premis-goya\/","title":{"rendered":"Quatre pel\u00b7l\u00edcules candidates als Premis Goya"},"content":{"rendered":"<p>Quatre pel\u00b7l\u00edcules de Producci\u00f3 Polar Star Films candidates als Premis Goya 2023<\/p>\n<ul>\n<li><strong><em>DUO,<\/em><\/strong><strong> de Meritxell Colell Aparicio: 10 candidatures<\/strong><\/li>\n<li><strong><em>McCurry, La recerca del color<\/em><\/strong><strong>, de Denis Delestrac: 11 candidatures <\/strong><\/li>\n<li><strong><em>Els constructors de l\u2019Alhambra, <\/em><\/strong><strong>d\u2019 Isabel Fern\u00e1ndez:<\/strong> <strong>15 candidatures<\/strong><\/li>\n<li><strong><em>El dia que van volar la muntanya<\/em><\/strong><strong>, d\u2019 Alba Bresol\u00ed Aliberch: 1 candidatura<\/strong><\/li>\n<\/ul>\n<p><!--more--><\/p>\n<p><strong><em>D\u00daO<\/em><\/strong> candidata als Premis Goya 2023, 10 candidatures en las categories:<\/p>\n<p>Millor pel\u00b7l\u00edcula: Bel\u00e9n S\u00e1nchez Silvero, Carles Brugueras<br \/>\nMillor direcci\u00f3: Meritxell Colell<br \/>\nMillor gui\u00f3 original: Meritxell Colell<br \/>\nMillor actor protagonista: Gonzalo Cunill<br \/>\nMillor actriu protagonista: M\u00f3nica Garc\u00eda<br \/>\nMillor direcci\u00f3n de producci\u00f3: Bel\u00e9n S\u00e1nchez Silvero<br \/>\nMillor direcci\u00f3n de fotografia: Sol Lopat\u00edn<br \/>\nMillor muntatge: Ana Pfaff, Meritxell Colell<br \/>\nMillor so: Ver\u00f2nica Font, Carlos Jim\u00e9nez<br \/>\nMillors efectes especials: Alexis Gallardo<\/p>\n<p><strong><em>McCurry, La recerca del color<\/em><\/strong> candidata als Premis Goya 2023, 11 candidatures en las categories:<\/p>\n<p>Millor pel\u00b7l\u00edcula: Carles Brugueras, Denis Delestrac, Marieke van den Bersselaar<br \/>\nMillor direcci\u00f3: Denis Delestrac<br \/>\nMillor gui\u00f3 original: Denis Delestrac<br \/>\nMillor m\u00fasica original: Toni M. Mir<br \/>\nMillor direcci\u00f3n de producci\u00f3: Alba Forn, J\u00falia Aragay<br \/>\nMillor direcci\u00f3n de fotografia: Jordi Esgleas Marroi<br \/>\nMillor muntatge: David Fairhead, Guillermo Cobo, Luis de la Madrid<br \/>\nMillor direcci\u00f3n art\u00edstica: Karin Du Croo, Mariona Omedes:<br \/>\nMillor so: Elena Coderch, Beno\u00eet Dame, Catherine van der Donckt, J\u00e9r\u00e9mie Jones, Alejandra Molina<br \/>\nMillors efectes especials: Bernat Aragon\u00e9s<br \/>\nMillor pel\u00b7l\u00edcula documental: Carles Brugueras, Denis Delestrac, Marieke van den Bersselaar<\/p>\n<p><strong><em>Els constructors de l&#8217; Alhambra<\/em><\/strong> candidata a los Premis Goya 2023, 15 candidatures en les categories:<\/p>\n<p>Millor pel\u00b7l\u00edcula: Carles Brugueras, Isabel Fern\u00e1ndez<br \/>\nMillor direcci\u00f3 novella: Isabel Fern\u00e1ndez<br \/>\nMillor gui\u00f3 original: Isabel Fern\u00e1ndez, Margarita Melgar<br \/>\nMillor m\u00fasica original: Kurt Adametz, Manel Guerrero<br \/>\nMillor actor protagonista: Amr Waked<br \/>\nMillor actor de repartiment: Adil Koukouh<br \/>\nMillor actriu de repartiment: Farah Hamed Ali<br \/>\nMillor direcci\u00f3 de producci\u00f3: C\u00e9sar Mart\u00ednez<br \/>\nMillor direcci\u00f3 de fotografia: Tote Trenas<br \/>\nMillor muntatge: Elodie Leuthold<br \/>\nMillor direcci\u00f3 art\u00edstica: Lloren\u00e7 Miquel<br \/>\nMillor disseny de vestuari: Virginia Serna<br \/>\nMillor maquillatge i perruqueria: Gloria Pinar, Carmela Mart\u00edn<br \/>\nMillor so: Pepe Aguirre, Fernando Novillo<br \/>\nMillors efectes especials: Jordi Costa<\/p>\n<p><strong><em>El dia que van volar la muntanya <\/em><\/strong>candidata als Premis Goya 2023, 1 candidatura en la categoria:<\/p>\n<p>Millor curtmetratge documental:<\/p>\n<p>Direcci\u00f3: Alba Bresol\u00ed Aliberch<br \/>\nProducci\u00f3: Carles Brugueras, Chlo\u00e9 Atkinson, Marieke van den Bersselaar<\/p>\n","protected":false},"excerpt":{"rendered":"<p>Quatre pel\u00b7l\u00edcules de Producci\u00f3 Polar Star Films candidates als Premis Goya 2023 DUO, de Meritxell Colell Aparicio: 10 candidatures McCurry, La recerca del color, de Denis Delestrac: 11 candidatures Els constructors de l\u2019Alhambra, d\u2019 Isabel Fern\u00e1ndez: 15 candidatures El dia que van volar la muntanya, d\u2019 Alba Bresol\u00ed Aliberch: 1 candidatura<\/p>\n","protected":false},"author":11,"featured_media":5894,"comment_status":"closed","ping_status":"open","sticky":false,"template":"","format":"standard","meta":{"footnotes":""},"categories":[143,145],"tags":[],"class_list":["post-5885","post","type-post","status-publish","format-standard","has-post-thumbnail","hentry","category-documental-ca","category-ficcio"],"_links":{"self":[{"href":"https:\/\/www.polarstarfilms.com\/ca\/wp-json\/wp\/v2\/posts\/5885","targetHints":{"allow":["GET"]}}],"collection":[{"href":"https:\/\/www.polarstarfilms.com\/ca\/wp-json\/wp\/v2\/posts"}],"about":[{"href":"https:\/\/www.polarstarfilms.com\/ca\/wp-json\/wp\/v2\/types\/post"}],"author":[{"embeddable":true,"href":"https:\/\/www.polarstarfilms.com\/ca\/wp-json\/wp\/v2\/users\/11"}],"replies":[{"embeddable":true,"href":"https:\/\/www.polarstarfilms.com\/ca\/wp-json\/wp\/v2\/comments?post=5885"}],"version-history":[{"count":2,"href":"https:\/\/www.polarstarfilms.com\/ca\/wp-json\/wp\/v2\/posts\/5885\/revisions"}],"predecessor-version":[{"id":5888,"href":"https:\/\/www.polarstarfilms.com\/ca\/wp-json\/wp\/v2\/posts\/5885\/revisions\/5888"}],"wp:featuredmedia":[{"embeddable":true,"href":"https:\/\/www.polarstarfilms.com\/ca\/wp-json\/wp\/v2\/media\/5894"}],"wp:attachment":[{"href":"https:\/\/www.polarstarfilms.com\/ca\/wp-json\/wp\/v2\/media?parent=5885"}],"wp:term":[{"taxonomy":"category","embeddable":true,"href":"https:\/\/www.polarstarfilms.com\/ca\/wp-json\/wp\/v2\/categories?post=5885"},{"taxonomy":"post_tag","embeddable":true,"href":"https:\/\/www.polarstarfilms.com\/ca\/wp-json\/wp\/v2\/tags?post=5885"}],"curies":[{"name":"wp","href":"https:\/\/api.w.org\/{rel}","templated":true}]}}