{"id":5661,"date":"2022-09-06T16:50:16","date_gmt":"2022-09-06T14:50:16","guid":{"rendered":"https:\/\/www.polarstarfilms.com\/?p=5661"},"modified":"2022-09-06T16:56:24","modified_gmt":"2022-09-06T14:56:24","slug":"duo-de-meritxell-colell-sestrenara-a-cinemes-el-9-de-setembre","status":"publish","type":"post","link":"https:\/\/www.polarstarfilms.com\/ca\/duo-de-meritxell-colell-sestrenara-a-cinemes-el-9-de-setembre\/","title":{"rendered":"\u201cDUO\u201d, de Meritxell Colell, s&#8217;estrenar\u00e0 a cinemes el 9 de setembre"},"content":{"rendered":"<p><strong>Despr\u00e9s de guanyar la Bisnaga de Plata a Millor Direcci\u00f3 al Festival de M\u00e0laga, <em>D\u00daO<\/em><\/strong> arribar\u00e0 als cinemes el 9 de setembre. <!--more-->La pel\u00b7l\u00edcula retrata l&#8217;estranyesa de dos int\u00e8rprets davant d&#8217;un m\u00f3n desconegut que posa en q\u00fcesti\u00f3 el sentit de la seva relaci\u00f3 i de l\u2019afer art\u00edstic.<\/p>\n<blockquote><p><em>Nord d&#8217;Argentina. Carnestoltes. En plena gira d&#8217;un espectacle de dansa amb la seva parella, la M\u00f3nica s&#8217;adona de l&#8217;absurditat d&#8217;un viatge que revela la dist\u00e0ncia entre els dos despr\u00e9s de 25 anys junts. Entre pors, desitjos i records, haur\u00e0 de triar quin cam\u00ed prendre. Estimar, de vegades, vol dir saber deixar anar.<\/em><\/p><\/blockquote>\n<p><img loading=\"lazy\" decoding=\"async\" class=\"size-medium wp-image-5666 alignright\" src=\"https:\/\/www.polarstarfilms.com\/wp-content\/uploads\/2022\/09\/DU\u0301O-peli\u0301cula-de-Meritxell-Colell-350x350.jpg\" alt=\"\" width=\"350\" height=\"350\" srcset=\"https:\/\/www.polarstarfilms.com\/wp-content\/uploads\/2022\/09\/DU\u0301O-peli\u0301cula-de-Meritxell-Colell-350x350.jpg 350w, https:\/\/www.polarstarfilms.com\/wp-content\/uploads\/2022\/09\/DU\u0301O-peli\u0301cula-de-Meritxell-Colell-1024x1024.jpg 1024w, https:\/\/www.polarstarfilms.com\/wp-content\/uploads\/2022\/09\/DU\u0301O-peli\u0301cula-de-Meritxell-Colell-250x250.jpg 250w, https:\/\/www.polarstarfilms.com\/wp-content\/uploads\/2022\/09\/DU\u0301O-peli\u0301cula-de-Meritxell-Colell-680x680.jpg 680w, https:\/\/www.polarstarfilms.com\/wp-content\/uploads\/2022\/09\/DU\u0301O-peli\u0301cula-de-Meritxell-Colell-200x200.jpg 200w, https:\/\/www.polarstarfilms.com\/wp-content\/uploads\/2022\/09\/DU\u0301O-peli\u0301cula-de-Meritxell-Colell-500x500.jpg 500w, https:\/\/www.polarstarfilms.com\/wp-content\/uploads\/2022\/09\/DU\u0301O-peli\u0301cula-de-Meritxell-Colell-100x100.jpg 100w, https:\/\/www.polarstarfilms.com\/wp-content\/uploads\/2022\/09\/DU\u0301O-peli\u0301cula-de-Meritxell-Colell.jpg 1080w\" sizes=\"auto, (max-width: 350px) 100vw, 350px\" \/>La cineasta repr\u00e8n, a <a href=\"https:\/\/www.polarstarfilms.com\/portfolio\/duo\/\"><em>D\u00daO<\/em><\/a>, la hist\u00f2ria de la M\u00f3nica, la ballarina protagonista de la seva pel\u00b7l\u00edcula <em>Con el viento<\/em>. Ara, ha deixat el petit poble de Burgos i est\u00e0 de gira amb la seva parella pel nord d&#8217;Argentina, on porta a terme un espectacle de dansa.<\/p>\n<p>La pel\u00b7l\u00edcula est\u00e0 protagonitzada per la core\u00f2grafa i ballarina M\u00f3nica Garcia, amb qui Colell ja va treballar a la seva \u00f2pera prima <em>Con el viento<\/em>, i per Gonzalo Cunill, i la distribueix <a href=\"https:\/\/atalantecinema.com\/film\/duo\/#film-downloads\" target=\"_blank\" rel=\"noopener\">Atalante Cinema<\/a>.<\/p>\n<p>Per aquest treball <strong>Meritxell Colell va rebre el premi a Millor Directora de la Secci\u00f3 Zonazine a la passada edici\u00f3 del Festival de M\u00e0laga<\/strong>. La cineasta forma part d&#8217;una nova generaci\u00f3 de directores espanyoles el treball de les quals ha aconseguit en els darrers anys una \u00e0mplia repercussi\u00f3 internacional. <em>Con el viento<\/em>, el seu primer llargmetratge com a guionista i directora, desenvolupat a l&#8217;Atelier de la Cin\u00e9fondation al Festival de Cannes, es va estrenar el 2018 a la Berlinale i va aconseguir la Bisnaga de Plata a Millor Pel\u00b7l\u00edcula al Festival de M\u00e0laga &#8211; Zonazine el mateix any. D\u00daO \u00e9s el seu segon llargmetratge de ficci\u00f3, que sorgeix, en paraules de la directora, de &#8220;la necessitat de seguir el personatge de M\u00f3nica despr\u00e9s de <em>Con el viento<\/em>, d\u2019acompanyar-la en un nou viatge de tornada a Argentina i en una gira de dansa contempor\u00e0nia a territoris remots on l&#8217;art est\u00e0 lligat a la vida, perqu\u00e8 tota transformaci\u00f3 obre una nova crisi\u201d.<\/p>\n<p>Segueix <a href=\"https:\/\/twitter.com\/hashtag\/D%C3%9AOPel%C3%ADcula\"><strong>#D\u00daOPel\u00edcula<\/strong><\/a> a les xarxes socials!<\/p>\n","protected":false},"excerpt":{"rendered":"<p>Despr\u00e9s de guanyar la Bisnaga de Plata a Millor Direcci\u00f3 al Festival de M\u00e0laga, D\u00daO arribar\u00e0 als cinemes el 9 de setembre.<\/p>\n","protected":false},"author":11,"featured_media":5663,"comment_status":"closed","ping_status":"open","sticky":false,"template":"","format":"standard","meta":{"footnotes":""},"categories":[145],"tags":[],"class_list":["post-5661","post","type-post","status-publish","format-standard","has-post-thumbnail","hentry","category-ficcio"],"_links":{"self":[{"href":"https:\/\/www.polarstarfilms.com\/ca\/wp-json\/wp\/v2\/posts\/5661","targetHints":{"allow":["GET"]}}],"collection":[{"href":"https:\/\/www.polarstarfilms.com\/ca\/wp-json\/wp\/v2\/posts"}],"about":[{"href":"https:\/\/www.polarstarfilms.com\/ca\/wp-json\/wp\/v2\/types\/post"}],"author":[{"embeddable":true,"href":"https:\/\/www.polarstarfilms.com\/ca\/wp-json\/wp\/v2\/users\/11"}],"replies":[{"embeddable":true,"href":"https:\/\/www.polarstarfilms.com\/ca\/wp-json\/wp\/v2\/comments?post=5661"}],"version-history":[{"count":4,"href":"https:\/\/www.polarstarfilms.com\/ca\/wp-json\/wp\/v2\/posts\/5661\/revisions"}],"predecessor-version":[{"id":5676,"href":"https:\/\/www.polarstarfilms.com\/ca\/wp-json\/wp\/v2\/posts\/5661\/revisions\/5676"}],"wp:featuredmedia":[{"embeddable":true,"href":"https:\/\/www.polarstarfilms.com\/ca\/wp-json\/wp\/v2\/media\/5663"}],"wp:attachment":[{"href":"https:\/\/www.polarstarfilms.com\/ca\/wp-json\/wp\/v2\/media?parent=5661"}],"wp:term":[{"taxonomy":"category","embeddable":true,"href":"https:\/\/www.polarstarfilms.com\/ca\/wp-json\/wp\/v2\/categories?post=5661"},{"taxonomy":"post_tag","embeddable":true,"href":"https:\/\/www.polarstarfilms.com\/ca\/wp-json\/wp\/v2\/tags?post=5661"}],"curies":[{"name":"wp","href":"https:\/\/api.w.org\/{rel}","templated":true}]}}