{"id":5631,"date":"2022-07-05T12:08:35","date_gmt":"2022-07-05T10:08:35","guid":{"rendered":"http:\/\/www.polarstarfilms.com\/?p=5631"},"modified":"2022-09-06T17:28:57","modified_gmt":"2022-09-06T15:28:57","slug":"cinema-destiu-2022","status":"publish","type":"post","link":"https:\/\/www.polarstarfilms.com\/ca\/cinema-destiu-2022\/","title":{"rendered":"Cinema d&#8217;estiu 2022!"},"content":{"rendered":"<p>Fa calor fora per\u00f2 fresca als cinemes. Una oportunitat perfecta per veure les nostres produccions cinematogr\u00e0fiques recents que ara es distribueixen a festivals i cinemes de tot el m\u00f3n.<!--more--><\/p>\n<p>Aix\u00ed que omplim aquestes sales i donem suport als cinemes i la producci\u00f3 cinematogr\u00e0fica per tot arreu. Aqu\u00ed hi ha el resum de les projeccions d&#8217;estiu que no us heu de perdre:<\/p>\n<ul>\n<li>A partir del 30\/06: \u00a0\u00a0\u00a0\u00a0 <strong><em>Me llamo Violeta<\/em><\/strong> \u2013 <a href=\"https:\/\/www.wfilm.de\/en\/mein-name-ist-violeta\/kinotermine\/\" target=\"_blank\" rel=\"noopener\">Estreno en cines Alemania<\/a><img loading=\"lazy\" decoding=\"async\" class=\"alignright size-medium wp-image-5623\" src=\"https:\/\/www.polarstarfilms.com\/wp-content\/uploads\/2022\/07\/monfilmat-350x183.jpeg\" alt=\"D\u00daO festival monfilmat\" width=\"350\" height=\"183\" srcset=\"https:\/\/www.polarstarfilms.com\/wp-content\/uploads\/2022\/07\/monfilmat-350x183.jpeg 350w, https:\/\/www.polarstarfilms.com\/wp-content\/uploads\/2022\/07\/monfilmat-250x131.jpeg 250w, https:\/\/www.polarstarfilms.com\/wp-content\/uploads\/2022\/07\/monfilmat-680x356.jpeg 680w, https:\/\/www.polarstarfilms.com\/wp-content\/uploads\/2022\/07\/monfilmat-200x105.jpeg 200w, https:\/\/www.polarstarfilms.com\/wp-content\/uploads\/2022\/07\/monfilmat-500x262.jpeg 500w, https:\/\/www.polarstarfilms.com\/wp-content\/uploads\/2022\/07\/monfilmat.jpeg 840w\" sizes=\"auto, (max-width: 350px) 100vw, 350px\" \/><\/li>\n<li>07\/08\/22: \u00a0\u00a0\u00a0\u00a0\u00a0\u00a0\u00a0\u00a0\u00a0\u00a0\u00a0\u00a0\u00a0\u00a0\u00a0\u00a0\u00a0\u00a0\u00a0 <strong><em>D\u00daO<\/em><\/strong> \u2013 Amposta, <a href=\"https:\/\/www.facebook.com\/monfilmat\/\" target=\"_blank\" rel=\"noopener\">Festival M\u00f3nFilmat<\/a><\/li>\n<li>07\/09\/22: \u00a0\u00a0\u00a0\u00a0\u00a0\u00a0\u00a0\u00a0\u00a0\u00a0\u00a0\u00a0\u00a0\u00a0\u00a0\u00a0\u00a0\u00a0\u00a0 <strong><em>El d\u00eda que volaron la monta\u00f1a<\/em><\/strong> \u2013 <a href=\"https:\/\/manlleufilmfestival.com\/films\/el-dia-que-volaron-la-montana\/\" target=\"_blank\" rel=\"noopener\">Manlleu Film Festival<\/a><\/li>\n<li>30\/07\/22: \u00a0\u00a0\u00a0\u00a0\u00a0\u00a0\u00a0\u00a0\u00a0\u00a0\u00a0\u00a0\u00a0\u00a0\u00a0\u00a0\u00a0\u00a0\u00a0 <strong><em>El d\u00eda que volaron la monta\u00f1a<\/em><\/strong> \u2013 Serbia, <a href=\"http:\/\/openspacesfest.com\/\" target=\"_blank\" rel=\"noopener\">Open Spaces Festival<\/a><\/li>\n<li>Agosto, dia tbc:\u00a0 \u00a0 \u00a0 \u00a0 \u00a0 \u00a0 <strong><em>D\u00daO<\/em><\/strong> &#8211; <a href=\"https:\/\/cerdanyafilmfestival.cat\/\">Cerdanya Film Festival<\/a><\/li>\n<li>Setembre, dies varis:\u00a0 <strong><em>El secreto del doctor Grinberg <\/em><\/strong>&#8211; Catalunya, <a href=\"https:\/\/docsbarcelona.com\/pellicules\/el-secreto-del-doctor-grinberg\" target=\"_blank\" rel=\"noopener\">Docs del mes<\/a><\/li>\n<li>Octubre dia tbc:\u00a0 \u00a0 \u00a0 \u00a0 \u00a0 \u00a0 <strong><em>La senda del azar<\/em><\/strong> \u2013 Eslovaquia, <a href=\"http:\/\/www.agrofilm.sk\/index.php\/prihlasky\">Agrofilm Festival<\/a><\/li>\n<\/ul>\n<p>Escapa de la calor i aconsegueix la teva dosi de cultura!<\/p>\n","protected":false},"excerpt":{"rendered":"<p>Fa calor fora per\u00f2 fresca als cinemes. Una oportunitat perfecta per veure les nostres produccions cinematogr\u00e0fiques recents que ara es distribueixen a festivals i cinemes de tot el m\u00f3n.<\/p>\n","protected":false},"author":10,"featured_media":5624,"comment_status":"closed","ping_status":"closed","sticky":false,"template":"","format":"standard","meta":{"footnotes":""},"categories":[143,145],"tags":[],"class_list":["post-5631","post","type-post","status-publish","format-standard","has-post-thumbnail","hentry","category-documental-ca","category-ficcio"],"_links":{"self":[{"href":"https:\/\/www.polarstarfilms.com\/ca\/wp-json\/wp\/v2\/posts\/5631","targetHints":{"allow":["GET"]}}],"collection":[{"href":"https:\/\/www.polarstarfilms.com\/ca\/wp-json\/wp\/v2\/posts"}],"about":[{"href":"https:\/\/www.polarstarfilms.com\/ca\/wp-json\/wp\/v2\/types\/post"}],"author":[{"embeddable":true,"href":"https:\/\/www.polarstarfilms.com\/ca\/wp-json\/wp\/v2\/users\/10"}],"replies":[{"embeddable":true,"href":"https:\/\/www.polarstarfilms.com\/ca\/wp-json\/wp\/v2\/comments?post=5631"}],"version-history":[{"count":3,"href":"https:\/\/www.polarstarfilms.com\/ca\/wp-json\/wp\/v2\/posts\/5631\/revisions"}],"predecessor-version":[{"id":5683,"href":"https:\/\/www.polarstarfilms.com\/ca\/wp-json\/wp\/v2\/posts\/5631\/revisions\/5683"}],"wp:featuredmedia":[{"embeddable":true,"href":"https:\/\/www.polarstarfilms.com\/ca\/wp-json\/wp\/v2\/media\/5624"}],"wp:attachment":[{"href":"https:\/\/www.polarstarfilms.com\/ca\/wp-json\/wp\/v2\/media?parent=5631"}],"wp:term":[{"taxonomy":"category","embeddable":true,"href":"https:\/\/www.polarstarfilms.com\/ca\/wp-json\/wp\/v2\/categories?post=5631"},{"taxonomy":"post_tag","embeddable":true,"href":"https:\/\/www.polarstarfilms.com\/ca\/wp-json\/wp\/v2\/tags?post=5631"}],"curies":[{"name":"wp","href":"https:\/\/api.w.org\/{rel}","templated":true}]}}