{"id":5536,"date":"2022-04-25T11:16:16","date_gmt":"2022-04-25T09:16:16","guid":{"rendered":"http:\/\/www.polarstarfilms.com\/duo-seleccionado-para-el-festival-de-cine-da\/"},"modified":"2022-04-25T11:37:38","modified_gmt":"2022-04-25T09:37:38","slug":"duo-seleccionado-para-el-festival-de-cine-da","status":"publish","type":"post","link":"https:\/\/www.polarstarfilms.com\/ca\/duo-seleccionado-para-el-festival-de-cine-da\/","title":{"rendered":"\u201cD\u00daO\u201d seleccionada per al Festival de cinema D\u2019A"},"content":{"rendered":"<p>Despr\u00e9s de l&#8217;\u00e8xit de l&#8217;estrena mundial al Festival de M\u00e0laga i el premi del BISNAGA de plata a millor direcci\u00f3 a Meritxell Colell, el llargmetratge de ficci\u00f3 <em><strong>D\u00daO<\/strong><\/em> ha estat seleccionat pel D\u2019A Film Festival de Barcelona que se celebra del 28 d&#8217;abril al 8 de maig. La pel\u00b7l\u00edcula es projectar\u00e0 divendres 29 a les 20:00h.<\/p>\n<p><!--more--><\/p>\n<p><img loading=\"lazy\" decoding=\"async\" class=\"size-medium wp-image-5458 alignright\" src=\"https:\/\/www.polarstarfilms.com\/wp-content\/uploads\/2021\/12\/DU\u0301O_poster-245x350.jpg\" alt=\"D\u00daO poster\" width=\"245\" height=\"350\" srcset=\"https:\/\/www.polarstarfilms.com\/wp-content\/uploads\/2021\/12\/DU\u0301O_poster-245x350.jpg 245w, https:\/\/www.polarstarfilms.com\/wp-content\/uploads\/2021\/12\/DU\u0301O_poster-717x1024.jpg 717w, https:\/\/www.polarstarfilms.com\/wp-content\/uploads\/2021\/12\/DU\u0301O_poster-175x250.jpg 175w, https:\/\/www.polarstarfilms.com\/wp-content\/uploads\/2021\/12\/DU\u0301O_poster-1075x1536.jpg 1075w, https:\/\/www.polarstarfilms.com\/wp-content\/uploads\/2021\/12\/DU\u0301O_poster-680x971.jpg 680w, https:\/\/www.polarstarfilms.com\/wp-content\/uploads\/2021\/12\/DU\u0301O_poster-200x286.jpg 200w, https:\/\/www.polarstarfilms.com\/wp-content\/uploads\/2021\/12\/DU\u0301O_poster-500x714.jpg 500w, https:\/\/www.polarstarfilms.com\/wp-content\/uploads\/2021\/12\/DU\u0301O_poster.jpg 1260w\" sizes=\"auto, (max-width: 245px) 100vw, 245px\" \/><\/p>\n<p>El <a href=\"https:\/\/dafilmfestival.com\/\">Festival D\u2019A<\/a> celebra la seva 12a edici\u00f3 i, com cada any, presenta a Barcelona un panorama internacional del millor cinema d&#8217;autor contemporani on valora la creativitat, personalitat i llibertat art\u00edstica fent costat tamb\u00e9 a nous talents emergents.<\/p>\n<p>Aquest llargmetratge de ficci\u00f3 \u00e9s el segon lliurament de l&#8217;equip <em>Con el Viento,<\/em> on segueix als dos ballarins en el seu viatge de retorn a l&#8217;Argentina. La dist\u00e0ncia entre ells revela l&#8217;irreal d&#8217;un anhel que ja no existeix. El paisatge, les dones de l&#8217;altipl\u00e0 i la solitud profunda del matrimoni submergeixen a la M\u00f3nica en una barreja de desitjos, pors, il\u00b7lusions, records i reflexions que la retornen al seu origen, al seu poble, a la seva mare, atorgant-li la for\u00e7a i l&#8217;impuls per a prendre el seu propi cam\u00ed. Estimar, a vegades, vol dir saber deixar anar.<\/p>\n<p>L&#8217;estrena en cinemes de <a href=\"https:\/\/www.polarstarfilms.com\/ca\/portfolio\/duo\/\"><strong><em>D\u00daO<\/em><\/strong><\/a> est\u00e0 previst per a setembre i m\u00e9s endavant s&#8217;anunciar\u00e0 la data exacte. <em><strong>D\u00daO<\/strong><\/em> est\u00e0 produ\u00efda per Polar Star Films en coproducci\u00f3 amb Pennsilvania Films, Paraiso Production i Manufactura de Pel\u00edculas.<\/p>\n","protected":false},"excerpt":{"rendered":"<p>Despr\u00e9s de l&#8217;\u00e8xit de l&#8217;estrena mundial al Festival de M\u00e0laga i el premi del BISNAGA de plata a millor direcci\u00f3 a Meritxell Colell, el llargmetratge de ficci\u00f3 D\u00daO ha estat seleccionat pel D\u2019A Film Festival de Barcelona que se celebra del 28 d&#8217;abril al 8 de maig. La pel\u00b7l\u00edcula es projectar\u00e0 divendres 29 a les&#8230;<\/p>\n","protected":false},"author":10,"featured_media":5459,"comment_status":"closed","ping_status":"open","sticky":false,"template":"","format":"standard","meta":{"footnotes":""},"categories":[145],"tags":[],"class_list":["post-5536","post","type-post","status-publish","format-standard","has-post-thumbnail","hentry","category-ficcio"],"_links":{"self":[{"href":"https:\/\/www.polarstarfilms.com\/ca\/wp-json\/wp\/v2\/posts\/5536","targetHints":{"allow":["GET"]}}],"collection":[{"href":"https:\/\/www.polarstarfilms.com\/ca\/wp-json\/wp\/v2\/posts"}],"about":[{"href":"https:\/\/www.polarstarfilms.com\/ca\/wp-json\/wp\/v2\/types\/post"}],"author":[{"embeddable":true,"href":"https:\/\/www.polarstarfilms.com\/ca\/wp-json\/wp\/v2\/users\/10"}],"replies":[{"embeddable":true,"href":"https:\/\/www.polarstarfilms.com\/ca\/wp-json\/wp\/v2\/comments?post=5536"}],"version-history":[{"count":2,"href":"https:\/\/www.polarstarfilms.com\/ca\/wp-json\/wp\/v2\/posts\/5536\/revisions"}],"predecessor-version":[{"id":5538,"href":"https:\/\/www.polarstarfilms.com\/ca\/wp-json\/wp\/v2\/posts\/5536\/revisions\/5538"}],"wp:featuredmedia":[{"embeddable":true,"href":"https:\/\/www.polarstarfilms.com\/ca\/wp-json\/wp\/v2\/media\/5459"}],"wp:attachment":[{"href":"https:\/\/www.polarstarfilms.com\/ca\/wp-json\/wp\/v2\/media?parent=5536"}],"wp:term":[{"taxonomy":"category","embeddable":true,"href":"https:\/\/www.polarstarfilms.com\/ca\/wp-json\/wp\/v2\/categories?post=5536"},{"taxonomy":"post_tag","embeddable":true,"href":"https:\/\/www.polarstarfilms.com\/ca\/wp-json\/wp\/v2\/tags?post=5536"}],"curies":[{"name":"wp","href":"https:\/\/api.w.org\/{rel}","templated":true}]}}