{"id":5504,"date":"2022-03-30T16:35:45","date_gmt":"2022-03-30T14:35:45","guid":{"rendered":"https:\/\/www.polarstarfilms.com\/?p=5504"},"modified":"2022-03-30T16:35:45","modified_gmt":"2022-03-30T14:35:45","slug":"bisnaga-de-plata-a-millor-direccio-per-a-meritxell-colell-per-duo","status":"publish","type":"post","link":"https:\/\/www.polarstarfilms.com\/ca\/bisnaga-de-plata-a-millor-direccio-per-a-meritxell-colell-per-duo\/","title":{"rendered":"Bisnaga de Plata a Millor Direcci\u00f3 per a Meritxell Colell per D\u00daO"},"content":{"rendered":"<p>La directora del llargmetratge de ficci\u00f3 <strong><em>Con el viento<\/em> <\/strong>aconsegueix la <strong>BISNAGA DE PLATA A MILLOR DIRECCI\u00d3<\/strong> de la Secci\u00f3 ZonaZine per la seva nova pel\u00b7l\u00edcula <strong><em>D\u00daO<\/em><\/strong> en la 25\u00aa edici\u00f3 del Festival de Cinema de M\u00e0laga.<\/p>\n<p><!--more--><img loading=\"lazy\" decoding=\"async\" class=\"alignright wp-image-5493 size-medium\" src=\"https:\/\/www.polarstarfilms.com\/wp-content\/uploads\/2022\/03\/0135_gala-clausura_Eloy-Mu\u0e04oz-e1648648763588-350x345.jpg\" alt=\"Meritxell Colell gana la Biznaga de Plata\" width=\"350\" height=\"345\" srcset=\"https:\/\/www.polarstarfilms.com\/wp-content\/uploads\/2022\/03\/0135_gala-clausura_Eloy-Mu\u0e04oz-e1648648763588-350x345.jpg 350w, https:\/\/www.polarstarfilms.com\/wp-content\/uploads\/2022\/03\/0135_gala-clausura_Eloy-Mu\u0e04oz-e1648648763588-250x246.jpg 250w, https:\/\/www.polarstarfilms.com\/wp-content\/uploads\/2022\/03\/0135_gala-clausura_Eloy-Mu\u0e04oz-e1648648763588-680x670.jpg 680w, https:\/\/www.polarstarfilms.com\/wp-content\/uploads\/2022\/03\/0135_gala-clausura_Eloy-Mu\u0e04oz-e1648648763588-200x197.jpg 200w, https:\/\/www.polarstarfilms.com\/wp-content\/uploads\/2022\/03\/0135_gala-clausura_Eloy-Mu\u0e04oz-e1648648763588-500x493.jpg 500w, https:\/\/www.polarstarfilms.com\/wp-content\/uploads\/2022\/03\/0135_gala-clausura_Eloy-Mu\u0e04oz-e1648648763588-100x100.jpg 100w, https:\/\/www.polarstarfilms.com\/wp-content\/uploads\/2022\/03\/0135_gala-clausura_Eloy-Mu\u0e04oz-e1648648763588.jpg 1008w\" sizes=\"auto, (max-width: 350px) 100vw, 350px\" \/><\/p>\n<p>Meritxell Colell obt\u00e9 un \u00e8xit rotund en l&#8217;estrena mundial del seu llargmetratge <strong><em>D\u00daO<\/em><\/strong>, produ\u00eft per Polar Star Films. Juntament amb <em>D\u00daO<\/em>, altres projeccions de Polar Star Films tamb\u00e9 van tenir un gran acolliment, destacant la <strong>MENCI\u00d3 ESPECIAL DEL JURAT<\/strong> per al curtmetratge documental <strong><em>El d\u00eda que volaron la monta\u00f1a<\/em><\/strong> i l&#8217;aforament complet de la premiere nacional del molt esperat llargmetratge documental <strong><em>McCurry &#8211; La recerca del color.<\/em><\/strong><\/p>\n<p>Despr\u00e9s de <em>Con el viento,<\/em> Meritxell Colell tenia clar que no volia deixar enrere el personatge de M\u00f3nica i va decidir crear <em>D\u00daO<\/em>, una nova hist\u00f2ria que acompanya la M\u00f3nica en el seu viatge de retorn a l&#8217;Argentina, reprenent la dansa contempor\u00e0nia amb la seva parella en territoris remots on l&#8217;art est\u00e0 lligat a la vida. Aquesta pel\u00b7l\u00edcula revela l&#8217;irreal d&#8217;un anhel que ja no existeix en la parella. \u201c<strong>La idea era esbrinar qu\u00e8 li succeeix despr\u00e9s d&#8217;aquest moment transformador de la seva tornada a casa i com en ella es genera una cerca d\u2019ella mateixa<\/strong>\u201d, comenta Colell en el Festival. El llargmetratge ha estat rebut amb molt bones cr\u00edtiques per part de la premsa. <em>D\u00daO<\/em> de Meritxell Colell \u00e9s, sens dubte, una pel\u00b7l\u00edcula excepcional.<\/p>\n<blockquote><p><a href=\"https:\/\/www.elespanol.com\/el-cultural\/cine\/20220320\/festival-malaga-sombra-alcarras\/658434302_0.html\" target=\"_blank\" rel=\"noopener\"><em>\u201cD\u00fao \u00e9s una de les pel\u00b7l\u00edcules que, com Alcarr\u00e0s, haurien de quedar en la mem\u00f2ria d\u2019aquest vint-i-cinqu\u00e8 Festival de M\u00e0laga\u201d (Enric Alberom, El Espa\u00f1ol)<\/em><\/a><\/p><\/blockquote>\n<blockquote><p><a href=\"https:\/\/cadenaser.com\/2022\/03\/21\/meritxell-colell-el-cine-es-el-arte-de-los-cuerpos\/\" target=\"_blank\" rel=\"noopener\"><em>\u201cUn relat sobre el desamor, per\u00f2 tamb\u00e9 sobre la necessitat de trobar-se amb un mateix i amb la resta\u201d (Laura Mart\u00ednez, Cadena Ser)<\/em><\/a><\/p><\/blockquote>\n<blockquote><p><a href=\"https:\/\/www.larazon.es\/cultura\/20220322\/wcv7prj5sja73jjq4udydjm5uu.html\" target=\"_blank\" rel=\"noopener\"><em>\u201cUn viatge pel nord de l&#8217;Argentina \u00e9s l&#8217;excusa de la realitzadora per signar una obra mestra\u201d(Mat\u00edas G. Rebolledo, La Raz\u00f3n)<\/em><\/a><\/p><\/blockquote>\n<p><strong>L&#8217;estrena en cinemes est\u00e0 previst per a setembre d\u2019aquest any<\/strong> i aviat anunciarem nous festivals on es projectar\u00e0 la pel\u00b7l\u00edcula.<\/p>\n<p><a href=\"https:\/\/www.polarstarfilms.com\/portfolio\/duo\/\"><em><strong>D\u00daO <\/strong><\/em><\/a>est\u00e0 produ\u00efda per Polar Star Films en coproducci\u00f3 amb Pennsilvania Films, Paraiso Production i Manufactura de Pel\u00edculas.<\/p>\n","protected":false},"excerpt":{"rendered":"<p>La directora del llargmetratge de ficci\u00f3 Con el viento aconsegueix la BISNAGA DE PLATA A MILLOR DIRECCI\u00d3 de la Secci\u00f3 ZonaZine per la seva nova pel\u00b7l\u00edcula D\u00daO en la 25\u00aa edici\u00f3 del Festival de Cinema de M\u00e0laga.<\/p>\n","protected":false},"author":10,"featured_media":5494,"comment_status":"closed","ping_status":"open","sticky":false,"template":"","format":"standard","meta":{"footnotes":""},"categories":[145],"tags":[],"class_list":["post-5504","post","type-post","status-publish","format-standard","has-post-thumbnail","hentry","category-ficcio"],"_links":{"self":[{"href":"https:\/\/www.polarstarfilms.com\/ca\/wp-json\/wp\/v2\/posts\/5504","targetHints":{"allow":["GET"]}}],"collection":[{"href":"https:\/\/www.polarstarfilms.com\/ca\/wp-json\/wp\/v2\/posts"}],"about":[{"href":"https:\/\/www.polarstarfilms.com\/ca\/wp-json\/wp\/v2\/types\/post"}],"author":[{"embeddable":true,"href":"https:\/\/www.polarstarfilms.com\/ca\/wp-json\/wp\/v2\/users\/10"}],"replies":[{"embeddable":true,"href":"https:\/\/www.polarstarfilms.com\/ca\/wp-json\/wp\/v2\/comments?post=5504"}],"version-history":[{"count":1,"href":"https:\/\/www.polarstarfilms.com\/ca\/wp-json\/wp\/v2\/posts\/5504\/revisions"}],"predecessor-version":[{"id":5505,"href":"https:\/\/www.polarstarfilms.com\/ca\/wp-json\/wp\/v2\/posts\/5504\/revisions\/5505"}],"wp:featuredmedia":[{"embeddable":true,"href":"https:\/\/www.polarstarfilms.com\/ca\/wp-json\/wp\/v2\/media\/5494"}],"wp:attachment":[{"href":"https:\/\/www.polarstarfilms.com\/ca\/wp-json\/wp\/v2\/media?parent=5504"}],"wp:term":[{"taxonomy":"category","embeddable":true,"href":"https:\/\/www.polarstarfilms.com\/ca\/wp-json\/wp\/v2\/categories?post=5504"},{"taxonomy":"post_tag","embeddable":true,"href":"https:\/\/www.polarstarfilms.com\/ca\/wp-json\/wp\/v2\/tags?post=5504"}],"curies":[{"name":"wp","href":"https:\/\/api.w.org\/{rel}","templated":true}]}}