{"id":5474,"date":"2022-03-03T15:48:14","date_gmt":"2022-03-03T13:48:14","guid":{"rendered":"http:\/\/www.polarstarfilms.com\/duo-estreno-mundial-a-zonazine-malaga\/"},"modified":"2022-03-15T10:53:17","modified_gmt":"2022-03-15T08:53:17","slug":"duo-estrena-mundial-a-zonazine-malaga","status":"publish","type":"post","link":"https:\/\/www.polarstarfilms.com\/ca\/duo-estrena-mundial-a-zonazine-malaga\/","title":{"rendered":"D\u00daO estrena mundial a Zonazine M\u00e1laga"},"content":{"rendered":"<p>D\u00daO, el segon llargmetratge de ficci\u00f3 de Meritxell Colell Aparicio competir\u00e0 a la Secci\u00f3 Zonazine del Festival de M\u00e0laga<\/p>\n<p><!--more--><img loading=\"lazy\" decoding=\"async\" class=\"wp-image-5446 alignright\" src=\"https:\/\/www.polarstarfilms.com\/wp-content\/uploads\/2022\/03\/DU\u0301O_poster_xxss-245x350.jpg\" alt=\"D\u00daO poster Meritxell Colell\" width=\"303\" height=\"433\" srcset=\"https:\/\/www.polarstarfilms.com\/wp-content\/uploads\/2022\/03\/DU\u0301O_poster_xxss-245x350.jpg 245w, https:\/\/www.polarstarfilms.com\/wp-content\/uploads\/2022\/03\/DU\u0301O_poster_xxss-717x1024.jpg 717w, https:\/\/www.polarstarfilms.com\/wp-content\/uploads\/2022\/03\/DU\u0301O_poster_xxss-175x250.jpg 175w, https:\/\/www.polarstarfilms.com\/wp-content\/uploads\/2022\/03\/DU\u0301O_poster_xxss-1075x1536.jpg 1075w, https:\/\/www.polarstarfilms.com\/wp-content\/uploads\/2022\/03\/DU\u0301O_poster_xxss-680x971.jpg 680w, https:\/\/www.polarstarfilms.com\/wp-content\/uploads\/2022\/03\/DU\u0301O_poster_xxss-200x286.jpg 200w, https:\/\/www.polarstarfilms.com\/wp-content\/uploads\/2022\/03\/DU\u0301O_poster_xxss-500x714.jpg 500w, https:\/\/www.polarstarfilms.com\/wp-content\/uploads\/2022\/03\/DU\u0301O_poster_xxss.jpg 1389w\" sizes=\"auto, (max-width: 303px) 100vw, 303px\" \/><\/p>\n<p>La pel\u00b7l\u00edcula, que Atalante distribuir\u00e0 en cinemes al setembre, retrata l&#8217;estranyesa de dos int\u00e8rprets davant un m\u00f3n desconegut que posa en q\u00fcesti\u00f3 el sentit de la seva relaci\u00f3 i de la tasca art\u00edstica. La pel\u00b7l\u00edcula, protagonitzada per la core\u00f2grafa i ballarina M\u00f3nica Garcia, amb qui Colell ja va treballar a la seva \u00f2pera prima <em>Con el viento<\/em>, \u00e9s una producci\u00f3 de Polar Star Films, distribu\u00efda per Atalante i Begin Again Films, que s&#8217;encarregar\u00e0 de les vendes internacionals.<\/p>\n<p>Sinopsis:<br \/>\n<em>Nord d&#8217;Argentina. Carnestoltes. Despr\u00e9s d&#8217;un any al poble amb la seva mare, la M\u00f2nica repr\u00e8n un duo de dansa amb la seva parella. Junts emprenen una gira per la serralada dels Andes, en un intent de salvar la relaci\u00f3 aferrant-se a una promesa: \u00abno deixar\u00e9 d\u2019estimar el que queda de tu\u00bb. Qu\u00e8 hi fan? Actuar per a qu\u00e8, per a qui? Ning\u00fa els va demanar que hi anessin. I tanmateix all\u00e0 estan, a\u00efllats, a la deriva. Qu\u00e8 van anar a buscar?<\/em><\/p>\n<p><em>La dist\u00e0ncia entre ells revela l\u2019irreal d&#8217;un anhel que ja no existeix. El paisatge, les dones de l&#8217;altipl\u00e0 i la solitud profunda del matrimoni submergeixen M\u00f2nica en una barreja de desitjos, pors, il\u00b7lusions, records i reflexions que la tornen al seu origen, al seu poble, a la seva mare, atorgant-li la for\u00e7a i l&#8217;impuls per agafar el seu propi cam\u00ed. Estimar, de vegades, vol dir saber deixar anar.<\/em><\/p>\n<p>Meritxell Colell Aparicio forma part d&#8217;una nova generaci\u00f3 de directores espanyoles el treball de les quals ha aconseguit en els darrers anys una \u00e0mplia repercussi\u00f3 internacional. <a href=\"https:\/\/www.polarstarfilms.com\/ca\/portfolio\/con-el-viento\/\"><em>Con el viento<\/em><\/a>, el seu primer llargmetratge com a guionista i directora, desenvolupat a l&#8217;Atelier de la Cin\u00e9fondation al Festival de Cannes, es va estrenar el 2018 a la Berlinale i va aconseguir la Biznaga de plata a la Millor Pel\u00b7l\u00edcula al Festival de M\u00e0laga \u2013 Zonazine del mateix any. El 2020, realitza la pel\u00b7l\u00edcula de correspond\u00e8ncies <em>Transoce\u00e0niques<\/em>, al costat de Luc\u00eda Vasallo. <em>D\u00daO<\/em> \u00e9s el seu segon llargmetratge de ficci\u00f3, que sorgeix, en paraules de la directora, de \u00abla necessitat de seguir el personatge de M\u00f2nica \u2013despr\u00e9s de <em>Con el viento<\/em>\u2013<em>.<\/em> Acompanyar-la en un nou viatge de tornada a Argentina i en una gira de dansa contempor\u00e0nia en territoris remots on l&#8217;art est\u00e0 lligat a la vida. Perqu\u00e8 tota transformaci\u00f3 obre una nova crisi\u00bb.<\/p>\n<p>D\u00daO est\u00e0 produ\u00efda per Polar Star Films en coproducci\u00f3 amb Pensilvania Films, Paraiso Production i Manufactura de Pel\u00edculas<\/p>\n","protected":false},"excerpt":{"rendered":"<p>D\u00daO, el segon llargmetratge de ficci\u00f3 de Meritxell Colell Aparicio competir\u00e0 a la Secci\u00f3 Zonazine del Festival de M\u00e0laga<\/p>\n","protected":false},"author":10,"featured_media":5447,"comment_status":"closed","ping_status":"open","sticky":false,"template":"","format":"standard","meta":{"footnotes":""},"categories":[145],"tags":[],"class_list":["post-5474","post","type-post","status-publish","format-standard","has-post-thumbnail","hentry","category-ficcio"],"_links":{"self":[{"href":"https:\/\/www.polarstarfilms.com\/ca\/wp-json\/wp\/v2\/posts\/5474","targetHints":{"allow":["GET"]}}],"collection":[{"href":"https:\/\/www.polarstarfilms.com\/ca\/wp-json\/wp\/v2\/posts"}],"about":[{"href":"https:\/\/www.polarstarfilms.com\/ca\/wp-json\/wp\/v2\/types\/post"}],"author":[{"embeddable":true,"href":"https:\/\/www.polarstarfilms.com\/ca\/wp-json\/wp\/v2\/users\/10"}],"replies":[{"embeddable":true,"href":"https:\/\/www.polarstarfilms.com\/ca\/wp-json\/wp\/v2\/comments?post=5474"}],"version-history":[{"count":2,"href":"https:\/\/www.polarstarfilms.com\/ca\/wp-json\/wp\/v2\/posts\/5474\/revisions"}],"predecessor-version":[{"id":5479,"href":"https:\/\/www.polarstarfilms.com\/ca\/wp-json\/wp\/v2\/posts\/5474\/revisions\/5479"}],"wp:featuredmedia":[{"embeddable":true,"href":"https:\/\/www.polarstarfilms.com\/ca\/wp-json\/wp\/v2\/media\/5447"}],"wp:attachment":[{"href":"https:\/\/www.polarstarfilms.com\/ca\/wp-json\/wp\/v2\/media?parent=5474"}],"wp:term":[{"taxonomy":"category","embeddable":true,"href":"https:\/\/www.polarstarfilms.com\/ca\/wp-json\/wp\/v2\/categories?post=5474"},{"taxonomy":"post_tag","embeddable":true,"href":"https:\/\/www.polarstarfilms.com\/ca\/wp-json\/wp\/v2\/tags?post=5474"}],"curies":[{"name":"wp","href":"https:\/\/api.w.org\/{rel}","templated":true}]}}