{"id":5373,"date":"2022-01-25T11:19:56","date_gmt":"2022-01-25T09:19:56","guid":{"rendered":"http:\/\/www.polarstarfilms.com\/?p=5373"},"modified":"2022-01-25T18:10:53","modified_gmt":"2022-01-25T16:10:53","slug":"les-banyistes-a-la-retrospectiva-de-clermont-ferrand","status":"publish","type":"post","link":"https:\/\/www.polarstarfilms.com\/ca\/les-banyistes-a-la-retrospectiva-de-clermont-ferrand\/","title":{"rendered":"Les banyistes a la retrospectiva de Clermont-Ferrand"},"content":{"rendered":"<p>La primera producci\u00f3 cinematogr\u00e0fica de Polar Star Films, <strong><em>Les banyistes<\/em><\/strong>, es projectar\u00e0 de nou al prestigi\u00f3s Festival de Cinema de Clermont-Ferrand.<br \/>\n<!--more--><img loading=\"lazy\" decoding=\"async\" class=\"size-medium wp-image-5365 alignleft\" src=\"https:\/\/www.polarstarfilms.com\/wp-content\/uploads\/2022\/01\/Les-Banyistes-350x268.jpg\" alt=\"Les Banyistes\" width=\"350\" height=\"268\" srcset=\"https:\/\/www.polarstarfilms.com\/wp-content\/uploads\/2022\/01\/Les-Banyistes-350x268.jpg 350w, https:\/\/www.polarstarfilms.com\/wp-content\/uploads\/2022\/01\/Les-Banyistes-250x192.jpg 250w, https:\/\/www.polarstarfilms.com\/wp-content\/uploads\/2022\/01\/Les-Banyistes-200x153.jpg 200w, https:\/\/www.polarstarfilms.com\/wp-content\/uploads\/2022\/01\/Les-Banyistes-500x383.jpg 500w, https:\/\/www.polarstarfilms.com\/wp-content\/uploads\/2022\/01\/Les-Banyistes.jpg 590w\" sizes=\"auto, (max-width: 350px) 100vw, 350px\" \/> La pel\u00b7l\u00edcula ha estat seleccionada com un dels millors curtmetratges espanyols que ha participat al festival i formar\u00e0 part de la secci\u00f3 \u201cSpain in the spotlight\u201d, una retrospectiva de 20 anys de curtmetratges espanyols.<\/p>\n<p><a href=\"https:\/\/www.polarstarfilms.com\/ca\/portfolio\/las-banistas\/\"><strong><em>Les banyistes<\/em><\/strong><\/a>, dirigida per Rose Kowalski, segueix un pintoresc grup de dones que es troben desafiant els seus prejudicis culturals durant una excursi\u00f3 de la classe de catal\u00e0 a la platja. La Shari, de l\u2019\u00cdndia, sembla la m\u00e9s introvertida i fora de lloc del grup, per\u00f2 al final resulta ser la m\u00e9s receptiva amb les que la rodegen i \u00e9s capa\u00e7 d&#8217;unir al grup. Actituds, mirades, accions i reaccions expliquen aquesta hist\u00f2ria d\u2019interrelaci\u00f3 de grup amb poc m\u00e9s de quatre paraules de di\u00e0leg.<\/p>\n<p>Produ\u00efda l&#8217;any 2004, <strong><em>Les banyistes<\/em><\/strong> es va rodar en 16 mm i va ser el primer curtmetratge a Espanya acabat en proc\u00e9s Intermediate Digital, un proc\u00e9s on s\u2019escaneja en alta definici\u00f3 el negatiu per treballar-lo en digital per despr\u00e9s revelar directament a 35mm. La pel\u00b7l\u00edcula est\u00e0 protagonitzada per Minnie Marx (Els Joglars), Montserrat Alcoverro (<em>Acacias 38<\/em>, <em>El cor de la ciutat<\/em>) i l&#8217;actriu novella Balwinder Susen Ahluwalia, entre d&#8217;altres. Es va rodar a Altafulla i Torredembarra, a Tarragona, i l\u2019equip i el repartiment estaven formats per m\u00e9s de 15 nacionalitats diferents.<\/p>\n<p><strong><em>Les banyistes<\/em><\/strong> va marcar l&#8217;inici de la traject\u00f2ria de Polar Star Films com a defensora d\u2019hist\u00f2ries potents i independents. Des d\u2019aleshores, la companyia s&#8217;ha convertit en una productora reconeguda internacionalment, amb m\u00e9s de 25 anys d&#8217;experi\u00e8ncia, i especialitzada en llargmetratges i documentals creatius.<\/p>\n<p>L&#8217;edici\u00f3 d&#8217;enguany del <a href=\"https:\/\/clermont-filmfest.org\/en\/spain-2022\/\">Clermont-Ferrand Film Festival<\/a> se celebra del 28 de gener al 5 de febrer de 2022. \u00c9s el festival de cinema dedicat als curtmetratges m\u00e9s gran del m\u00f3n. Pel que fa a p\u00fablic i als professionals de la ind\u00fastria, \u00e9s el segon festival de cinema m\u00e9s important de Fran\u00e7a despr\u00e9s de Cannes.<\/p>\n","protected":false},"excerpt":{"rendered":"<p>La primera producci\u00f3 cinematogr\u00e0fica de Polar Star Films, Les banyistes, es projectar\u00e0 de nou al prestigi\u00f3s Festival de Cinema de Clermont-Ferrand.<\/p>\n","protected":false},"author":11,"featured_media":5369,"comment_status":"closed","ping_status":"open","sticky":false,"template":"","format":"standard","meta":{"footnotes":""},"categories":[145],"tags":[],"class_list":["post-5373","post","type-post","status-publish","format-standard","has-post-thumbnail","hentry","category-ficcio"],"_links":{"self":[{"href":"https:\/\/www.polarstarfilms.com\/ca\/wp-json\/wp\/v2\/posts\/5373","targetHints":{"allow":["GET"]}}],"collection":[{"href":"https:\/\/www.polarstarfilms.com\/ca\/wp-json\/wp\/v2\/posts"}],"about":[{"href":"https:\/\/www.polarstarfilms.com\/ca\/wp-json\/wp\/v2\/types\/post"}],"author":[{"embeddable":true,"href":"https:\/\/www.polarstarfilms.com\/ca\/wp-json\/wp\/v2\/users\/11"}],"replies":[{"embeddable":true,"href":"https:\/\/www.polarstarfilms.com\/ca\/wp-json\/wp\/v2\/comments?post=5373"}],"version-history":[{"count":5,"href":"https:\/\/www.polarstarfilms.com\/ca\/wp-json\/wp\/v2\/posts\/5373\/revisions"}],"predecessor-version":[{"id":5388,"href":"https:\/\/www.polarstarfilms.com\/ca\/wp-json\/wp\/v2\/posts\/5373\/revisions\/5388"}],"wp:featuredmedia":[{"embeddable":true,"href":"https:\/\/www.polarstarfilms.com\/ca\/wp-json\/wp\/v2\/media\/5369"}],"wp:attachment":[{"href":"https:\/\/www.polarstarfilms.com\/ca\/wp-json\/wp\/v2\/media?parent=5373"}],"wp:term":[{"taxonomy":"category","embeddable":true,"href":"https:\/\/www.polarstarfilms.com\/ca\/wp-json\/wp\/v2\/categories?post=5373"},{"taxonomy":"post_tag","embeddable":true,"href":"https:\/\/www.polarstarfilms.com\/ca\/wp-json\/wp\/v2\/tags?post=5373"}],"curies":[{"name":"wp","href":"https:\/\/api.w.org\/{rel}","templated":true}]}}