{"id":5337,"date":"2021-12-15T10:11:28","date_gmt":"2021-12-15T08:11:28","guid":{"rendered":"http:\/\/www.polarstarfilms.com\/resolucion-provisional-del-icec-para-la-produccion-de-largometrajes-cinematograficos\/"},"modified":"2021-12-16T18:18:19","modified_gmt":"2021-12-16T16:18:19","slug":"resolucio-provisional-de-licec-per-a-la-produccio-de-llargmetratges-cinematografics","status":"publish","type":"post","link":"https:\/\/www.polarstarfilms.com\/ca\/resolucio-provisional-de-licec-per-a-la-produccio-de-llargmetratges-cinematografics\/","title":{"rendered":"La producci\u00f3 ENTRE ACTES obt\u00e9 finan\u00e7ament de l&#8217;ICEC"},"content":{"rendered":"<p><em><a href=\"https:\/\/www.polarstarfilms.com\/ca\/portfolio\/entre-actes\/\">ENTRE ACTES<\/a>,<\/em>\u00a0 \u00f2pera prima dirigida per d\u2019Ariadna Onofri i produ\u00efda per Polar Star Films, rebr\u00e0 la subvenci\u00f3 de L\u2019Institut Catal\u00e0 de les Empreses Culturals per a la producci\u00f3 de llargmetratges cinematogr\u00e0fics.<!--more--><\/p>\n<p><em><img loading=\"lazy\" decoding=\"async\" class=\"size-medium wp-image-5333 alignright\" src=\"https:\/\/www.polarstarfilms.com\/wp-content\/uploads\/2021\/12\/PO\u0301STER_ENTRE-ACTES_ES-246x350.jpg\" alt=\"Entre actes\" width=\"246\" height=\"350\" srcset=\"https:\/\/www.polarstarfilms.com\/wp-content\/uploads\/2021\/12\/PO\u0301STER_ENTRE-ACTES_ES-246x350.jpg 246w, https:\/\/www.polarstarfilms.com\/wp-content\/uploads\/2021\/12\/PO\u0301STER_ENTRE-ACTES_ES-719x1024.jpg 719w, https:\/\/www.polarstarfilms.com\/wp-content\/uploads\/2021\/12\/PO\u0301STER_ENTRE-ACTES_ES-175x250.jpg 175w, https:\/\/www.polarstarfilms.com\/wp-content\/uploads\/2021\/12\/PO\u0301STER_ENTRE-ACTES_ES-680x969.jpg 680w, https:\/\/www.polarstarfilms.com\/wp-content\/uploads\/2021\/12\/PO\u0301STER_ENTRE-ACTES_ES-200x285.jpg 200w, https:\/\/www.polarstarfilms.com\/wp-content\/uploads\/2021\/12\/PO\u0301STER_ENTRE-ACTES_ES-500x713.jpg 500w, https:\/\/www.polarstarfilms.com\/wp-content\/uploads\/2021\/12\/PO\u0301STER_ENTRE-ACTES_ES.jpg 842w\" sizes=\"auto, (max-width: 246px) 100vw, 246px\" \/><\/em><\/p>\n<p><em>ENTRE ACTES<\/em>\u00a0 \u00e9s la hist\u00f2ria de Mima, una jove directora de cine amb un passat familiar complicat, que es tanca amb tres actors a la masia de la seva fam\u00edlia enmig de la id\u00edl\u00b7lica Costa Brava per escriure un gui\u00f3 cinematogr\u00e0fic sobre ella i els seus pares. Els assajos i improvisacions deixaran al descobert la veritable per\u00f2 dolorosa hist\u00f2ria de la seva fam\u00edlia.<\/p>\n<p><em>ENTRE ACTES<\/em>\u00a0 \u00e9s metacinema, una ficci\u00f3 dins d\u2019una altra ficci\u00f3. \u00c9s un joc de miralls que ens retorna la veritat o una gran mentida. La pel\u00b7l\u00edcula, amb alguns trets autobiogr\u00e0fics, entrella\u00e7a la hist\u00f2ria fict\u00edcia amb material d\u2019arxiu real de la directora, Ariadna Onofri.<\/p>\n<p>El projecte\u00a0 va rebre l\u2019ajuda al desenvolupament de projectes audiovisuals de l\u2019ICEC el 2019 i tamb\u00e9 va participar en el 7\u00e8 Mentoring de Projectes de l&#8217;ALTERNATIVA.<\/p>\n<p><em>\u00a0<\/em><\/p>\n","protected":false},"excerpt":{"rendered":"<p>ENTRE ACTES,\u00a0 \u00f2pera prima dirigida per d\u2019Ariadna Onofri i produ\u00efda per Polar Star Films, rebr\u00e0 la subvenci\u00f3 de L\u2019Institut Catal\u00e0 de les Empreses Culturals per a la producci\u00f3 de llargmetratges cinematogr\u00e0fics.<\/p>\n","protected":false},"author":11,"featured_media":5331,"comment_status":"closed","ping_status":"open","sticky":false,"template":"","format":"standard","meta":{"footnotes":""},"categories":[145],"tags":[],"class_list":["post-5337","post","type-post","status-publish","format-standard","has-post-thumbnail","hentry","category-ficcio"],"_links":{"self":[{"href":"https:\/\/www.polarstarfilms.com\/ca\/wp-json\/wp\/v2\/posts\/5337","targetHints":{"allow":["GET"]}}],"collection":[{"href":"https:\/\/www.polarstarfilms.com\/ca\/wp-json\/wp\/v2\/posts"}],"about":[{"href":"https:\/\/www.polarstarfilms.com\/ca\/wp-json\/wp\/v2\/types\/post"}],"author":[{"embeddable":true,"href":"https:\/\/www.polarstarfilms.com\/ca\/wp-json\/wp\/v2\/users\/11"}],"replies":[{"embeddable":true,"href":"https:\/\/www.polarstarfilms.com\/ca\/wp-json\/wp\/v2\/comments?post=5337"}],"version-history":[{"count":3,"href":"https:\/\/www.polarstarfilms.com\/ca\/wp-json\/wp\/v2\/posts\/5337\/revisions"}],"predecessor-version":[{"id":5352,"href":"https:\/\/www.polarstarfilms.com\/ca\/wp-json\/wp\/v2\/posts\/5337\/revisions\/5352"}],"wp:featuredmedia":[{"embeddable":true,"href":"https:\/\/www.polarstarfilms.com\/ca\/wp-json\/wp\/v2\/media\/5331"}],"wp:attachment":[{"href":"https:\/\/www.polarstarfilms.com\/ca\/wp-json\/wp\/v2\/media?parent=5337"}],"wp:term":[{"taxonomy":"category","embeddable":true,"href":"https:\/\/www.polarstarfilms.com\/ca\/wp-json\/wp\/v2\/categories?post=5337"},{"taxonomy":"post_tag","embeddable":true,"href":"https:\/\/www.polarstarfilms.com\/ca\/wp-json\/wp\/v2\/tags?post=5337"}],"curies":[{"name":"wp","href":"https:\/\/api.w.org\/{rel}","templated":true}]}}