{"id":5231,"date":"2021-06-30T13:12:35","date_gmt":"2021-06-30T11:12:35","guid":{"rendered":"https:\/\/www.polarstarfilms.com\/?p=5231"},"modified":"2021-07-15T13:13:31","modified_gmt":"2021-07-15T11:13:31","slug":"projeccions-de-pel%c2%b7licules-a-lestiu","status":"publish","type":"post","link":"https:\/\/www.polarstarfilms.com\/ca\/projeccions-de-pel%c2%b7licules-a-lestiu\/","title":{"rendered":"Projeccions de pel\u00b7l\u00edcules a l&#8217;estiu!"},"content":{"rendered":"<p>Treu-te les sabates i relaxa&#8217;t, perqu\u00e8 aquest estiu promet tenir una gran quantitat de projeccions de pel\u00b7l\u00edcules a tot el m\u00f3n.<!--more--><img loading=\"lazy\" decoding=\"async\" class=\"alignright wp-image-5225 size-medium\" src=\"https:\/\/www.polarstarfilms.com\/wp-content\/uploads\/2021\/07\/1623669205_Voltes_Juny2021-231x350.jpeg\" alt=\"\u00a1Proyecciones de pel\u00edculas en verano!\" width=\"231\" height=\"350\" srcset=\"https:\/\/www.polarstarfilms.com\/wp-content\/uploads\/2021\/07\/1623669205_Voltes_Juny2021-231x350.jpeg 231w, https:\/\/www.polarstarfilms.com\/wp-content\/uploads\/2021\/07\/1623669205_Voltes_Juny2021-165x250.jpeg 165w, https:\/\/www.polarstarfilms.com\/wp-content\/uploads\/2021\/07\/1623669205_Voltes_Juny2021-200x303.jpeg 200w, https:\/\/www.polarstarfilms.com\/wp-content\/uploads\/2021\/07\/1623669205_Voltes_Juny2021.jpeg 389w\" sizes=\"auto, (max-width: 231px) 100vw, 231px\" \/><\/p>\n<p>Les produccions m\u00e9s recents i passades de Polar Star Film es projectaran a festivals, a l&#8217;aire lliure i es retransmetran en l\u00ednia. Aquestes s\u00f3n les dates per afegir al teu diari cultural:<\/p>\n<ul>\n<li>29 juny \u00a0\u00a0\u00a0\u00a0\u00a0\u00a0\u00a0\u00a0\u00a0\u00a0 <a href=\"https:\/\/www.polarstarfilms.com\/portfolio\/mellamovioleta\/\"><em>Em dic Violeta<\/em><\/a>, Vilafranca del P. \u2013 <a href=\"http:\/\/www.cineclubvila.cat\/ca\">Cineclub Vilafranca<\/a><\/li>\n<li>30 juny \u00a0\u00a0\u00a0\u00a0\u00a0\u00a0\u00a0\u00a0\u00a0\u00a0\u00a0 <a href=\"https:\/\/www.polarstarfilms.com\/portfolio\/mellamovioleta\/\"><em>Em dic Violeta<\/em><\/a>, Girona \u2013 <a href=\"https:\/\/museudelcinema.girona.cat\/cat\/index.php\">Museu del Cinema<\/a><\/li>\n<li>1\u2013 3 juliol\u00a0\u00a0\u00a0\u00a0\u00a0\u00a0\u00a0 <a href=\"https:\/\/www.polarstarfilms.com\/portfolio\/ladrones-de-tiempo\/\"><em>Lladres de temps<\/em><\/a>, Eslov\u00e8nia &#8211; Working Film Festival<\/li>\n<li>6 juliol\u00a0\u00a0\u00a0\u00a0\u00a0\u00a0\u00a0\u00a0\u00a0\u00a0\u00a0\u00a0 <a href=\"https:\/\/www.polarstarfilms.com\/portfolio\/un-loro-en-la-horchateria\/\"><em>Un lloro a l&#8217;orxateria<\/em><\/a>, Barcelona &#8211; <a href=\"https:\/\/ajuntament.barcelona.cat\/ccivics\/drassanes\/p\/41797\/cinema-a-les-voltes\">Cinema a les voltes<\/a><\/li>\n<li>8 juliol\u00a0\u00a0\u00a0\u00a0\u00a0\u00a0\u00a0\u00a0\u00a0\u00a0\u00a0\u00a0 <a href=\"https:\/\/www.polarstarfilms.com\/portfolio\/el-secreto-del-dr-grinberg\/\"><em>El secret del doctor Grinberg<\/em><\/a><em>, <\/em>M\u00e8xic &#8211; <a href=\"https:\/\/www.docsmx.org\/en\/festivals\/docsjalisco.php\">Festival Docs Jalisco<\/a><\/li>\n<li>12 juliol\u00a0\u00a0\u00a0\u00a0\u00a0\u00a0\u00a0\u00a0\u00a0\u00a0 <a href=\"https:\/\/www.polarstarfilms.com\/portfolio\/freightened\/\"><em>FREIGHTENED<\/em><\/a><em>, <\/em>Valladolid &#8211; <a href=\"https:\/\/www.facebook.com\/cineyddhhValladolid\">Cine y derechos humanos<\/a><\/li>\n<li>Data tbc juliol <a href=\"https:\/\/www.polarstarfilms.com\/portfolio\/la-senda-del-azar\/\"><em>La senda del azar<\/em><\/a>, Alacant \u2013 <a href=\"https:\/\/www.ruralfilmfest.org\/\">Rural Filmfest<\/a><\/li>\n<li>Data tbc agt\u00a0\u00a0\u00a0 <a href=\"https:\/\/www.polarstarfilms.com\/portfolio\/la-senda-del-azar\/\"><em>La senda del azar<\/em><\/a>, Gr\u00e8cia \u2013 The West Side Mountains Festival<\/li>\n<li>Data tbc sept\u00a0 <a href=\"https:\/\/www.polarstarfilms.com\/portfolio\/la-senda-del-azar\/\"><em>La senda del azar<\/em><\/a>, Tortosa \u2013 <a href=\"https:\/\/terresfestival.com\/es\/\">Terres Travel Festival<\/a><\/li>\n<li>Data tbc sept\u00a0 <a href=\"https:\/\/www.polarstarfilms.com\/portfolio\/mellamovioleta\/\"><em>Em dic Violeta<\/em><\/a>, Brasil \u2013 Festival de cine LGBTI+ Brasilia<\/li>\n<li>Tot l\u2019estiu \u00a0\u00a0\u00a0\u00a0\u00a0\u00a0 <a href=\"https:\/\/www.polarstarfilms.com\/portfolio\/con-el-viento\/\">Con el Viento<\/a>, Uruguai \u2013 <a href=\"https:\/\/mascinemateca.org.uy\/movie\/3312\">Cinemateca te acompa\u00f1a<\/a><\/li>\n<\/ul>\n<p>Gaudeix-les!<\/p>\n","protected":false},"excerpt":{"rendered":"<p>Treu-te les sabates i relaxa&#8217;t, perqu\u00e8 aquest estiu promet tenir una gran quantitat de projeccions de pel\u00b7l\u00edcules a tot el m\u00f3n.<\/p>\n","protected":false},"author":10,"featured_media":5226,"comment_status":"closed","ping_status":"closed","sticky":false,"template":"","format":"standard","meta":{"footnotes":""},"categories":[143,145],"tags":[],"class_list":["post-5231","post","type-post","status-publish","format-standard","has-post-thumbnail","hentry","category-documental-ca","category-ficcio"],"_links":{"self":[{"href":"https:\/\/www.polarstarfilms.com\/ca\/wp-json\/wp\/v2\/posts\/5231","targetHints":{"allow":["GET"]}}],"collection":[{"href":"https:\/\/www.polarstarfilms.com\/ca\/wp-json\/wp\/v2\/posts"}],"about":[{"href":"https:\/\/www.polarstarfilms.com\/ca\/wp-json\/wp\/v2\/types\/post"}],"author":[{"embeddable":true,"href":"https:\/\/www.polarstarfilms.com\/ca\/wp-json\/wp\/v2\/users\/10"}],"replies":[{"embeddable":true,"href":"https:\/\/www.polarstarfilms.com\/ca\/wp-json\/wp\/v2\/comments?post=5231"}],"version-history":[{"count":1,"href":"https:\/\/www.polarstarfilms.com\/ca\/wp-json\/wp\/v2\/posts\/5231\/revisions"}],"predecessor-version":[{"id":5232,"href":"https:\/\/www.polarstarfilms.com\/ca\/wp-json\/wp\/v2\/posts\/5231\/revisions\/5232"}],"wp:featuredmedia":[{"embeddable":true,"href":"https:\/\/www.polarstarfilms.com\/ca\/wp-json\/wp\/v2\/media\/5226"}],"wp:attachment":[{"href":"https:\/\/www.polarstarfilms.com\/ca\/wp-json\/wp\/v2\/media?parent=5231"}],"wp:term":[{"taxonomy":"category","embeddable":true,"href":"https:\/\/www.polarstarfilms.com\/ca\/wp-json\/wp\/v2\/categories?post=5231"},{"taxonomy":"post_tag","embeddable":true,"href":"https:\/\/www.polarstarfilms.com\/ca\/wp-json\/wp\/v2\/tags?post=5231"}],"curies":[{"name":"wp","href":"https:\/\/api.w.org\/{rel}","templated":true}]}}