{"id":4749,"date":"2012-03-08T20:15:57","date_gmt":"2012-03-08T18:15:57","guid":{"rendered":"https:\/\/worldbrainthefilm.com\/_POLARSTARFILMS2020\/?p=4749"},"modified":"2021-03-24T13:32:38","modified_gmt":"2021-03-24T11:32:38","slug":"bettina-walter-i-denis-delestrac-presenten-the-base-al-festival-de-nyon","status":"publish","type":"post","link":"https:\/\/www.polarstarfilms.com\/ca\/bettina-walter-i-denis-delestrac-presenten-the-base-al-festival-de-nyon\/","title":{"rendered":"BETTINA WALTER i DENIS DELESTRAC presenten THE BASE al Festival de Nyon"},"content":{"rendered":"<p><strong>THE BASE<\/strong>\u00a0de Denis Delestrac ha estat selecionat pel\u00a0<a href=\"http:\/\/www.visionsdureel.ch\/\" target=\"_blank\" rel=\"noopener\">Pitching du R\u00e9el del Festival Visions du<\/a>, que tindr\u00e0 lloc a Nyon entre els d\u00edes 20 i 27 d&#8217;Abril del 2012.<\/p>\n","protected":false},"excerpt":{"rendered":"<p>THE BASE\u00a0de Denis Delestrac ha estat selecionat pel\u00a0Pitching du R\u00e9el del Festival Visions du, que tindr\u00e0 lloc a Nyon entre els d\u00edes 20 i 27 d&#8217;Abril del 2012.<\/p>\n","protected":false},"author":108,"featured_media":4746,"comment_status":"closed","ping_status":"closed","sticky":false,"template":"","format":"standard","meta":{"footnotes":""},"categories":[143],"tags":[],"class_list":["post-4749","post","type-post","status-publish","format-standard","has-post-thumbnail","hentry","category-documental-ca"],"_links":{"self":[{"href":"https:\/\/www.polarstarfilms.com\/ca\/wp-json\/wp\/v2\/posts\/4749","targetHints":{"allow":["GET"]}}],"collection":[{"href":"https:\/\/www.polarstarfilms.com\/ca\/wp-json\/wp\/v2\/posts"}],"about":[{"href":"https:\/\/www.polarstarfilms.com\/ca\/wp-json\/wp\/v2\/types\/post"}],"author":[{"embeddable":true,"href":"https:\/\/www.polarstarfilms.com\/ca\/wp-json\/wp\/v2\/users\/108"}],"replies":[{"embeddable":true,"href":"https:\/\/www.polarstarfilms.com\/ca\/wp-json\/wp\/v2\/comments?post=4749"}],"version-history":[{"count":2,"href":"https:\/\/www.polarstarfilms.com\/ca\/wp-json\/wp\/v2\/posts\/4749\/revisions"}],"predecessor-version":[{"id":4901,"href":"https:\/\/www.polarstarfilms.com\/ca\/wp-json\/wp\/v2\/posts\/4749\/revisions\/4901"}],"wp:featuredmedia":[{"embeddable":true,"href":"https:\/\/www.polarstarfilms.com\/ca\/wp-json\/wp\/v2\/media\/4746"}],"wp:attachment":[{"href":"https:\/\/www.polarstarfilms.com\/ca\/wp-json\/wp\/v2\/media?parent=4749"}],"wp:term":[{"taxonomy":"category","embeddable":true,"href":"https:\/\/www.polarstarfilms.com\/ca\/wp-json\/wp\/v2\/categories?post=4749"},{"taxonomy":"post_tag","embeddable":true,"href":"https:\/\/www.polarstarfilms.com\/ca\/wp-json\/wp\/v2\/tags?post=4749"}],"curies":[{"name":"wp","href":"https:\/\/api.w.org\/{rel}","templated":true}]}}