{"id":4627,"date":"2012-11-29T17:07:23","date_gmt":"2012-11-29T15:07:23","guid":{"rendered":"https:\/\/worldbrainthefilm.com\/_POLARSTARFILMS2020\/?p=4627"},"modified":"2021-04-01T12:27:09","modified_gmt":"2021-04-01T10:27:09","slug":"google-and-the-world-brain-seleccio-oficial-de-sundance-2013","status":"publish","type":"post","link":"https:\/\/www.polarstarfilms.com\/ca\/google-and-the-world-brain-seleccio-oficial-de-sundance-2013\/","title":{"rendered":"Google and the World Brain Selecci\u00f3 Oficial de Sundance 2013"},"content":{"rendered":"<p>Ahir el reconegut\u00a0<strong>Festival de Cinema Independent Sundance<\/strong>\u00a0va anunciar que\u00a0<em>Google i el cervell mundial<\/em>\u00a0(&#8216;Google and the World Brain&#8217;) competir\u00e0 a la selecci\u00f3 Oficial de l&#8217;edici\u00f3 de gener 2013.<!--more--><\/p>\n<p><img decoding=\"async\" class=\"alignright\" src=\"https:\/\/www.polarstarfilms.com\/img\/worldbrain_sundance.jpg\" \/>El llargmetratge-documental \u00e9s una atrevida introspecci\u00f3 cr\u00edtica a la hist\u00f2ria del projecte m\u00e9s ambici\u00f3s de Google i d&#8217;Internet: Google Books, en el qual Google es va proposar escanejar tots els llibres escrits per la humanitat, amb la intenci\u00f3 de recopilar la totalitat del coneixement mundial i, fins i tot, crear una forma d&#8217;intel\u00b7lig\u00e8ncia superior. Google i el cervell mundial \u00e9s una pel\u00b7l\u00edcula sobre els somnis, els dilemes i els perills d&#8217;Internet. La pel\u00b7l\u00edcula ha estat filmada als Estats Units, Europa, \u00c0sia i Am\u00e8rica Llatina.<\/p>\n<p>El director\u00a0<strong>Ben Lewis<\/strong>\u00a0reuneix en aquesta pel\u00b7l\u00edcula les idees dels te\u00f2rics, cr\u00edtics i personalitats m\u00e9s rellevants d&#8217;Internet i les noves tecnologies (de Jaron Lanier a Eugeny Morozov i Laurence Lessig). Amb ells ha obert un vibrant di\u00e0leg sobre el futur del coneixement i de la informaci\u00f3 a la xarxa. Tamb\u00e9 ha entrevistat a alguns dels bibliotecaris m\u00e9s notables<\/p>\n<p>Web oficial de la pel\u00b7l\u00edcula\u00a0<a href=\"http:\/\/www.worldbrainthefilm.com\/\" target=\"_blank\" rel=\"noopener\">www.worldbrainthefilm.com<\/a><\/p>\n","protected":false},"excerpt":{"rendered":"<p>Ahir el reconegut\u00a0Festival de Cinema Independent Sundance\u00a0va anunciar que\u00a0Google i el cervell mundial\u00a0(&#8216;Google and the World Brain&#8217;) competir\u00e0 a la selecci\u00f3 Oficial de l&#8217;edici\u00f3 de gener 2013.<\/p>\n","protected":false},"author":108,"featured_media":4624,"comment_status":"closed","ping_status":"closed","sticky":false,"template":"","format":"standard","meta":{"footnotes":""},"categories":[143],"tags":[],"class_list":["post-4627","post","type-post","status-publish","format-standard","has-post-thumbnail","hentry","category-documental-ca"],"_links":{"self":[{"href":"https:\/\/www.polarstarfilms.com\/ca\/wp-json\/wp\/v2\/posts\/4627","targetHints":{"allow":["GET"]}}],"collection":[{"href":"https:\/\/www.polarstarfilms.com\/ca\/wp-json\/wp\/v2\/posts"}],"about":[{"href":"https:\/\/www.polarstarfilms.com\/ca\/wp-json\/wp\/v2\/types\/post"}],"author":[{"embeddable":true,"href":"https:\/\/www.polarstarfilms.com\/ca\/wp-json\/wp\/v2\/users\/108"}],"replies":[{"embeddable":true,"href":"https:\/\/www.polarstarfilms.com\/ca\/wp-json\/wp\/v2\/comments?post=4627"}],"version-history":[{"count":2,"href":"https:\/\/www.polarstarfilms.com\/ca\/wp-json\/wp\/v2\/posts\/4627\/revisions"}],"predecessor-version":[{"id":4973,"href":"https:\/\/www.polarstarfilms.com\/ca\/wp-json\/wp\/v2\/posts\/4627\/revisions\/4973"}],"wp:featuredmedia":[{"embeddable":true,"href":"https:\/\/www.polarstarfilms.com\/ca\/wp-json\/wp\/v2\/media\/4624"}],"wp:attachment":[{"href":"https:\/\/www.polarstarfilms.com\/ca\/wp-json\/wp\/v2\/media?parent=4627"}],"wp:term":[{"taxonomy":"category","embeddable":true,"href":"https:\/\/www.polarstarfilms.com\/ca\/wp-json\/wp\/v2\/categories?post=4627"},{"taxonomy":"post_tag","embeddable":true,"href":"https:\/\/www.polarstarfilms.com\/ca\/wp-json\/wp\/v2\/tags?post=4627"}],"curies":[{"name":"wp","href":"https:\/\/api.w.org\/{rel}","templated":true}]}}