{"id":4535,"date":"2013-06-13T13:56:51","date_gmt":"2013-06-13T11:56:51","guid":{"rendered":"https:\/\/worldbrainthefilm.com\/_POLARSTARFILMS2020\/?p=4535"},"modified":"2021-02-25T13:59:46","modified_gmt":"2021-02-25T11:59:46","slug":"un-documental-de-maxima-actualitat-sobre-google-arriba-a-les-nostres-pantalles","status":"publish","type":"post","link":"https:\/\/www.polarstarfilms.com\/ca\/un-documental-de-maxima-actualitat-sobre-google-arriba-a-les-nostres-pantalles\/","title":{"rendered":"Un documental de m\u00e0xima actualitat sobre Google arriba a les nostres pantalles"},"content":{"rendered":"<p>Dimarts 18 de juny a les 21.50h al programa Sense Ficci\u00f3 de TV3<!--more--><\/p>\n<p><img decoding=\"async\" class=\"alignright\" src=\"https:\/\/www.polarstarfilms.com\/img\/4news\/worldbrain_internacional_low.jpg\" \/>REDACCI\u00d3 \u2013 CULTURA \u2013 TECNOLOG\u00cdA &#8211; TELEVISI\u00d3<\/p>\n<p><strong>GOOGLE I EL CERVELL MUNDIAL<\/strong>, un documental sobre Google i el futur d&#8217;Internet arriba a les nostres pantalles en un moment de m\u00e0xima actualitat a causa de les \u00faltimes revelacions sobre el ciberespionatge i el control d&#8217;Internet que faciliten les grans empreses com Google.<\/p>\n<p><strong>GOOGLE I EL CERVELL MUNDIAL<\/strong>, documental en coproducci\u00f3 amb\u00a0<strong>TV3<\/strong>, estrenat mundialment a\u00a0<strong>Sundance<\/strong>, en competici\u00f3 a\u00a0<strong>DocsBarcelona<\/strong>\u00a0i fins ara , en m\u00e9s de 20 festivals internacionals, s&#8217;estrenar\u00e0 per primera vegada en la televisi\u00f3 catalana el pr\u00f2xim\u00a0<u>dimarts 18 de juny a les 21.50 h<\/u>\u00a0al programa Sense Ficci\u00f3 de TV3.<\/p>\n<p><a href=\"https:\/\/www.polarstarfilms.com\/img\/4news\/google_cervell_mundial_tv3_nota_premsa.pdf\">Nota de premsa<\/a><\/p>\n","protected":false},"excerpt":{"rendered":"<p>Dimarts 18 de juny a les 21.50h al programa Sense Ficci\u00f3 de TV3<\/p>\n","protected":false},"author":108,"featured_media":3996,"comment_status":"closed","ping_status":"closed","sticky":false,"template":"","format":"standard","meta":{"footnotes":""},"categories":[143],"tags":[],"class_list":["post-4535","post","type-post","status-publish","format-standard","has-post-thumbnail","hentry","category-documental-ca"],"_links":{"self":[{"href":"https:\/\/www.polarstarfilms.com\/ca\/wp-json\/wp\/v2\/posts\/4535","targetHints":{"allow":["GET"]}}],"collection":[{"href":"https:\/\/www.polarstarfilms.com\/ca\/wp-json\/wp\/v2\/posts"}],"about":[{"href":"https:\/\/www.polarstarfilms.com\/ca\/wp-json\/wp\/v2\/types\/post"}],"author":[{"embeddable":true,"href":"https:\/\/www.polarstarfilms.com\/ca\/wp-json\/wp\/v2\/users\/108"}],"replies":[{"embeddable":true,"href":"https:\/\/www.polarstarfilms.com\/ca\/wp-json\/wp\/v2\/comments?post=4535"}],"version-history":[{"count":1,"href":"https:\/\/www.polarstarfilms.com\/ca\/wp-json\/wp\/v2\/posts\/4535\/revisions"}],"predecessor-version":[{"id":4536,"href":"https:\/\/www.polarstarfilms.com\/ca\/wp-json\/wp\/v2\/posts\/4535\/revisions\/4536"}],"wp:featuredmedia":[{"embeddable":true,"href":"https:\/\/www.polarstarfilms.com\/ca\/wp-json\/wp\/v2\/media\/3996"}],"wp:attachment":[{"href":"https:\/\/www.polarstarfilms.com\/ca\/wp-json\/wp\/v2\/media?parent=4535"}],"wp:term":[{"taxonomy":"category","embeddable":true,"href":"https:\/\/www.polarstarfilms.com\/ca\/wp-json\/wp\/v2\/categories?post=4535"},{"taxonomy":"post_tag","embeddable":true,"href":"https:\/\/www.polarstarfilms.com\/ca\/wp-json\/wp\/v2\/tags?post=4535"}],"curies":[{"name":"wp","href":"https:\/\/api.w.org\/{rel}","templated":true}]}}