{"id":4482,"date":"2013-07-11T12:41:53","date_gmt":"2013-07-11T10:41:53","guid":{"rendered":"https:\/\/worldbrainthefilm.com\/_POLARSTARFILMS2020\/?p=4482"},"modified":"2021-02-25T12:42:40","modified_gmt":"2021-02-25T10:42:40","slug":"google-i-el-cervell-mundial-3r-programa-mes-vist-al-prime-time","status":"publish","type":"post","link":"https:\/\/www.polarstarfilms.com\/ca\/google-i-el-cervell-mundial-3r-programa-mes-vist-al-prime-time\/","title":{"rendered":"Google i el Cervell Mundial 3r programa m\u00e9s vist al &#8216;prime time&#8217;"},"content":{"rendered":"<p>Google i el cervell mundial es va enfrontar en una dura compet\u00e8ncia durant la seva emissi\u00f3 en &#8216;prime time&#8217; a TV3 el dimarts 18 de juny. A les 22.05 h al programa Sense Ficci\u00f3, el film va encap\u00e7alar les xifres d\u2019audi\u00e8ncia breument abans d\u2019establir-se en un tercer lloc, just darrere de Masterchef i Gran Hermano. El n\u00famero d\u2019espectadors va ser de 339.000, amb una quota del 10,4%.<\/p>\n","protected":false},"excerpt":{"rendered":"<p>Google i el cervell mundial es va enfrontar en una dura compet\u00e8ncia durant la seva emissi\u00f3 en &#8216;prime time&#8217; a TV3 el dimarts 18 de juny. A les 22.05 h al programa Sense Ficci\u00f3, el film va encap\u00e7alar les xifres d\u2019audi\u00e8ncia breument abans d\u2019establir-se en un tercer lloc, just darrere de Masterchef i Gran Hermano&#8230;.<\/p>\n","protected":false},"author":108,"featured_media":4479,"comment_status":"closed","ping_status":"closed","sticky":false,"template":"","format":"standard","meta":{"footnotes":""},"categories":[143],"tags":[],"class_list":["post-4482","post","type-post","status-publish","format-standard","has-post-thumbnail","hentry","category-documental-ca"],"_links":{"self":[{"href":"https:\/\/www.polarstarfilms.com\/ca\/wp-json\/wp\/v2\/posts\/4482","targetHints":{"allow":["GET"]}}],"collection":[{"href":"https:\/\/www.polarstarfilms.com\/ca\/wp-json\/wp\/v2\/posts"}],"about":[{"href":"https:\/\/www.polarstarfilms.com\/ca\/wp-json\/wp\/v2\/types\/post"}],"author":[{"embeddable":true,"href":"https:\/\/www.polarstarfilms.com\/ca\/wp-json\/wp\/v2\/users\/108"}],"replies":[{"embeddable":true,"href":"https:\/\/www.polarstarfilms.com\/ca\/wp-json\/wp\/v2\/comments?post=4482"}],"version-history":[{"count":1,"href":"https:\/\/www.polarstarfilms.com\/ca\/wp-json\/wp\/v2\/posts\/4482\/revisions"}],"predecessor-version":[{"id":4483,"href":"https:\/\/www.polarstarfilms.com\/ca\/wp-json\/wp\/v2\/posts\/4482\/revisions\/4483"}],"wp:featuredmedia":[{"embeddable":true,"href":"https:\/\/www.polarstarfilms.com\/ca\/wp-json\/wp\/v2\/media\/4479"}],"wp:attachment":[{"href":"https:\/\/www.polarstarfilms.com\/ca\/wp-json\/wp\/v2\/media?parent=4482"}],"wp:term":[{"taxonomy":"category","embeddable":true,"href":"https:\/\/www.polarstarfilms.com\/ca\/wp-json\/wp\/v2\/categories?post=4482"},{"taxonomy":"post_tag","embeddable":true,"href":"https:\/\/www.polarstarfilms.com\/ca\/wp-json\/wp\/v2\/tags?post=4482"}],"curies":[{"name":"wp","href":"https:\/\/api.w.org\/{rel}","templated":true}]}}