{"id":4293,"date":"2013-10-11T17:58:50","date_gmt":"2013-10-11T15:58:50","guid":{"rendered":"https:\/\/worldbrainthefilm.com\/_POLARSTARFILMS2020\/?p=4293"},"modified":"2021-02-24T18:00:52","modified_gmt":"2021-02-24T16:00:52","slug":"preestrena-exclusiva-dun-lloro-a-lorxateria","status":"publish","type":"post","link":"https:\/\/www.polarstarfilms.com\/ca\/preestrena-exclusiva-dun-lloro-a-lorxateria\/","title":{"rendered":"Preestrena exclusiva d\u2019&#8221;Un lloro a l\u2019orxateria&#8221;!"},"content":{"rendered":"<p>Estem molt contents de convidar-vos a un preestrena exclusiva d\u2019<strong>Un lloro a l\u2019orxateria<\/strong>\u00a0(Perruquers del Raval), un documental d\u2019<strong>Ines Thomsen<\/strong>\u00a0que ofereix un original i refrescant retrat del Raval, el barri m\u00e9s popular i multicultural de Barcelona. <!--more--><\/p>\n<p><img decoding=\"async\" class=\"alignright\" src=\"https:\/\/www.polarstarfilms.com\/img\/parrot.jpg\" \/>Una pel\u00b7l\u00edcula sobre anades i tornades, vista a trav\u00e9s de quatre de les nombroses i ecl\u00e8ctiques perruqueries del barri, que ofereixen refugi i nost\u00e0lgia als clients que les visiten.<br \/>\nLuci (Espanya), Zulfiqar (Pakistan), Mostafa (Marroc) i Emi (Per\u00fa) ens acullen a les seves perruqueries, on coneixem els seus peculiars clients, escoltem les emotives hist\u00f2ries dels seus pa\u00efsos d\u2019origen i descobrim perqu\u00e8 el Raval s\u2019ha convertit o deixar\u00e0 de ser casa seva.<\/p>\n<p>Data:\u00a0<strong>dimarts, 22 d\u2019octubre<\/strong><br \/>\nHora:\u00a0<strong>20.00h<\/strong><br \/>\nLloc:\u00a0<strong>Cinema Mald\u00e0<\/strong>, carrer del Pi, 5<\/p>\n<p>Despr\u00e9s de la sessi\u00f3, hi haur\u00e0 un brindis per celebrar la preestrena.<\/p>\n<p>Capacitat limitada, si us plau, confirmeu la vostra assist\u00e8ncia: info@polarstarfilms.com<\/p>\n","protected":false},"excerpt":{"rendered":"<p>Estem molt contents de convidar-vos a un preestrena exclusiva d\u2019Un lloro a l\u2019orxateria\u00a0(Perruquers del Raval), un documental d\u2019Ines Thomsen\u00a0que ofereix un original i refrescant retrat del Raval, el barri m\u00e9s popular i multicultural de Barcelona.<\/p>\n","protected":false},"author":108,"featured_media":4017,"comment_status":"closed","ping_status":"closed","sticky":false,"template":"","format":"standard","meta":{"footnotes":""},"categories":[143],"tags":[],"class_list":["post-4293","post","type-post","status-publish","format-standard","has-post-thumbnail","hentry","category-documental-ca"],"_links":{"self":[{"href":"https:\/\/www.polarstarfilms.com\/ca\/wp-json\/wp\/v2\/posts\/4293","targetHints":{"allow":["GET"]}}],"collection":[{"href":"https:\/\/www.polarstarfilms.com\/ca\/wp-json\/wp\/v2\/posts"}],"about":[{"href":"https:\/\/www.polarstarfilms.com\/ca\/wp-json\/wp\/v2\/types\/post"}],"author":[{"embeddable":true,"href":"https:\/\/www.polarstarfilms.com\/ca\/wp-json\/wp\/v2\/users\/108"}],"replies":[{"embeddable":true,"href":"https:\/\/www.polarstarfilms.com\/ca\/wp-json\/wp\/v2\/comments?post=4293"}],"version-history":[{"count":1,"href":"https:\/\/www.polarstarfilms.com\/ca\/wp-json\/wp\/v2\/posts\/4293\/revisions"}],"predecessor-version":[{"id":4294,"href":"https:\/\/www.polarstarfilms.com\/ca\/wp-json\/wp\/v2\/posts\/4293\/revisions\/4294"}],"wp:featuredmedia":[{"embeddable":true,"href":"https:\/\/www.polarstarfilms.com\/ca\/wp-json\/wp\/v2\/media\/4017"}],"wp:attachment":[{"href":"https:\/\/www.polarstarfilms.com\/ca\/wp-json\/wp\/v2\/media?parent=4293"}],"wp:term":[{"taxonomy":"category","embeddable":true,"href":"https:\/\/www.polarstarfilms.com\/ca\/wp-json\/wp\/v2\/categories?post=4293"},{"taxonomy":"post_tag","embeddable":true,"href":"https:\/\/www.polarstarfilms.com\/ca\/wp-json\/wp\/v2\/tags?post=4293"}],"curies":[{"name":"wp","href":"https:\/\/api.w.org\/{rel}","templated":true}]}}