{"id":4287,"date":"2013-10-18T17:51:15","date_gmt":"2013-10-18T15:51:15","guid":{"rendered":"https:\/\/worldbrainthefilm.com\/_POLARSTARFILMS2020\/?p=4287"},"modified":"2021-02-24T17:52:50","modified_gmt":"2021-02-24T15:52:50","slug":"estrena-estatal-de-google-i-el-cervell-mundial-a-el-documental-de-la-2-de-tve-aquest-divendres","status":"publish","type":"post","link":"https:\/\/www.polarstarfilms.com\/ca\/estrena-estatal-de-google-i-el-cervell-mundial-a-el-documental-de-la-2-de-tve-aquest-divendres\/","title":{"rendered":"Estrena estatal de &#8220;Google i el cervell mundial&#8221; a El documental de la 2 de TVE aquest divendres"},"content":{"rendered":"<p>Divendres 25 d\u2019octubre a les 00:00h al programa El documental de La2 de TVE<!--more--><\/p>\n<p><img loading=\"lazy\" decoding=\"async\" class=\"size-medium wp-image-3996 alignright\" src=\"https:\/\/worldbrainthefilm.com\/_POLARSTARFILMS2020\/wp-content\/uploads\/2021\/02\/gwb-252x350.jpg\" alt=\"Google y el cerebro mundial \" width=\"252\" height=\"350\" srcset=\"https:\/\/www.polarstarfilms.com\/wp-content\/uploads\/2021\/02\/gwb-252x350.jpg 252w, https:\/\/www.polarstarfilms.com\/wp-content\/uploads\/2021\/02\/gwb-180x250.jpg 180w, https:\/\/www.polarstarfilms.com\/wp-content\/uploads\/2021\/02\/gwb-200x278.jpg 200w, https:\/\/www.polarstarfilms.com\/wp-content\/uploads\/2021\/02\/gwb.jpg 350w\" sizes=\"auto, (max-width: 252px) 100vw, 252px\" \/>REDACCI\u00d3 \u2013 CULTURA \u2013 TECNOLOG\u00cdA &#8211; TELEVISI\u00d3<\/p>\n<p><strong>GOOGLE I EL CERVELL MUNDIAL<\/strong>, un documental sobre Google i el futur d&#8217;Internet arriba a les nostres pantalles en un moment de m\u00e0xima actualitat a causa de les \u00faltimes revelacions sobre el ciberespionatge i el control d&#8217;Internet que faciliten les grans empreses com Google.<\/p>\n<p>El documental, realitzat en coproducci\u00f3 amb<strong>TVE<\/strong>, estrenat mundialment en\u00a0<strong>Sundance<\/strong>, en competici\u00f3 en\u00a0<strong>Documenta Madrid, DocsBarcelona, Nova York<\/strong>\u00a0i en m\u00e9s de 60 festivals internacionals fins ara, s&#8217;estrenar\u00e0 per primera vegada en la televisi\u00f3 espanyola el pr\u00f2xim\u00a0<u>divendres 25 d&#8217;octubre a les 00:00h<\/u>\u00a0en el programa El documental de TVE.<\/p>\n<p>Descarregueu la nota de premsa aqu\u00ed:<br \/>\n<a href=\"https:\/\/www.polarstarfilms.com\/client_download\/GOOGLE_CEREBRO_MUNDIAL_LA2_PRENSA.pdf\" target=\"_blank\" rel=\"noopener\">https:\/\/www.polarstarfilms.com\/client_download\/GOOGLE_CEREBRO_MUNDIAL_LA2_PRENSA.pdf<\/a><br \/>\nPer m\u00e9s informaci\u00f3 visiteu:\u00a0<a href=\"http:\/\/www.worldbrainthefilm.com\/es\" target=\"_blank'\" rel=\"noopener\">http:\/\/www.worldbrainthefilm.com\/es<\/a><\/p>\n","protected":false},"excerpt":{"rendered":"<p>Divendres 25 d\u2019octubre a les 00:00h al programa El documental de La2 de TVE<\/p>\n","protected":false},"author":108,"featured_media":3996,"comment_status":"closed","ping_status":"closed","sticky":false,"template":"","format":"standard","meta":{"footnotes":""},"categories":[143],"tags":[],"class_list":["post-4287","post","type-post","status-publish","format-standard","has-post-thumbnail","hentry","category-documental-ca"],"_links":{"self":[{"href":"https:\/\/www.polarstarfilms.com\/ca\/wp-json\/wp\/v2\/posts\/4287","targetHints":{"allow":["GET"]}}],"collection":[{"href":"https:\/\/www.polarstarfilms.com\/ca\/wp-json\/wp\/v2\/posts"}],"about":[{"href":"https:\/\/www.polarstarfilms.com\/ca\/wp-json\/wp\/v2\/types\/post"}],"author":[{"embeddable":true,"href":"https:\/\/www.polarstarfilms.com\/ca\/wp-json\/wp\/v2\/users\/108"}],"replies":[{"embeddable":true,"href":"https:\/\/www.polarstarfilms.com\/ca\/wp-json\/wp\/v2\/comments?post=4287"}],"version-history":[{"count":1,"href":"https:\/\/www.polarstarfilms.com\/ca\/wp-json\/wp\/v2\/posts\/4287\/revisions"}],"predecessor-version":[{"id":4288,"href":"https:\/\/www.polarstarfilms.com\/ca\/wp-json\/wp\/v2\/posts\/4287\/revisions\/4288"}],"wp:featuredmedia":[{"embeddable":true,"href":"https:\/\/www.polarstarfilms.com\/ca\/wp-json\/wp\/v2\/media\/3996"}],"wp:attachment":[{"href":"https:\/\/www.polarstarfilms.com\/ca\/wp-json\/wp\/v2\/media?parent=4287"}],"wp:term":[{"taxonomy":"category","embeddable":true,"href":"https:\/\/www.polarstarfilms.com\/ca\/wp-json\/wp\/v2\/categories?post=4287"},{"taxonomy":"post_tag","embeddable":true,"href":"https:\/\/www.polarstarfilms.com\/ca\/wp-json\/wp\/v2\/tags?post=4287"}],"curies":[{"name":"wp","href":"https:\/\/api.w.org\/{rel}","templated":true}]}}