{"id":4190,"date":"2014-01-28T14:23:18","date_gmt":"2014-01-28T12:23:18","guid":{"rendered":"https:\/\/worldbrainthefilm.com\/_POLARSTARFILMS2020\/?p=4190"},"modified":"2021-02-24T14:27:05","modified_gmt":"2021-02-24T12:27:05","slug":"el-28-de-gener-es-el-dia-europeu-de-la-proteccio-de-dades","status":"publish","type":"post","link":"https:\/\/www.polarstarfilms.com\/ca\/el-28-de-gener-es-el-dia-europeu-de-la-proteccio-de-dades\/","title":{"rendered":"El 28 de gener \u00e9s el Dia Europeu de la Protecci\u00f3 de Dades"},"content":{"rendered":"<p>El\u00a0<a href=\"http:\/\/www.coe.int\/t\/dghl\/standardsetting\/dataprotection\/data_protection_day_en.asp\" target=\"_blank\" rel=\"noopener\">Dia Europeu de la Protecci\u00f3 de Dades<\/a> es va celebrar per primera vegada l\u2019any 2006 amb l\u2019objectiu de promoure el coneixement entre els ciutadans sobre quins s\u00f3n el seus drets i responsabilitats en mat\u00e8ria de protecci\u00f3 de dades. <!--more--><\/p>\n<p><img loading=\"lazy\" decoding=\"async\" class=\"size-medium wp-image-4186 alignright\" src=\"https:\/\/worldbrainthefilm.com\/_POLARSTARFILMS2020\/wp-content\/uploads\/2021\/02\/Dia-Europeo-Proteccion-de-Datos-350x233.png\" alt=\"Dia Europeo Proteccion de Datos\" width=\"350\" height=\"233\" srcset=\"https:\/\/www.polarstarfilms.com\/wp-content\/uploads\/2021\/02\/Dia-Europeo-Proteccion-de-Datos-350x233.png 350w, https:\/\/www.polarstarfilms.com\/wp-content\/uploads\/2021\/02\/Dia-Europeo-Proteccion-de-Datos-250x167.png 250w, https:\/\/www.polarstarfilms.com\/wp-content\/uploads\/2021\/02\/Dia-Europeo-Proteccion-de-Datos-680x453.png 680w, https:\/\/www.polarstarfilms.com\/wp-content\/uploads\/2021\/02\/Dia-Europeo-Proteccion-de-Datos-200x133.png 200w, https:\/\/www.polarstarfilms.com\/wp-content\/uploads\/2021\/02\/Dia-Europeo-Proteccion-de-Datos-500x333.png 500w, https:\/\/www.polarstarfilms.com\/wp-content\/uploads\/2021\/02\/Dia-Europeo-Proteccion-de-Datos.png 720w\" sizes=\"auto, (max-width: 350px) 100vw, 350px\" \/>Per a la vuitena edici\u00f3 que se celebra aquest any del Dia Europeu de Protecci\u00f3 de Dades, la Unitat Europa de Protecci\u00f3 de Dades coorganitza l\u2019esdeveniment: \u201c<strong>After Snowden: using law and technology to counter snooping<\/strong>\u201d, que coincideix amb el 28 de gener. El \u201cManual de legislaci\u00f3 europea sobre protecci\u00f3 de dades\u201d, elaborat conjuntament amb l\u2019Ag\u00e8ncia Europea de Drets Fonamentals (<a href=\"http:\/\/fra.europa.eu\/en\" target=\"_blank\" rel=\"noopener\">FRA<\/a>) i el Tribunal Europeu de Drets Humans, tamb\u00e9 es llan\u00e7ar\u00e0 aquest dia a les diferents p\u00e0gines web del Consell d\u2019Europa.<\/p>\n<p>\u201c<a href=\"http:\/\/www.worldbrainthefilm.com\/ca\" target=\"_blank\" rel=\"noopener\">Google i el cervell mundial<\/a>\u201d, el darrer documental de Polar Star Films, aborda directament els problemes que implica la recopilaci\u00f3 de dades no autoritzada que porten a terme les grans companyies d\u2019Internet. Pensadors i autors clau com Jaron Lanier i Evgeny Morozov exposen els dilemes als quals ens afrontem quan estem a la xarxa. \u201cLa q\u00fcesti\u00f3 sobre si les grans companyies d\u2019Internet ens fan la vida m\u00e9s f\u00e0cil o si estan augmentant el seu poder sobre nosaltres \u00e9s un binomi, ja que fan les dues coses\u201d, diu Evgeny Morozov quan considera el\u00a0<a href=\"http:\/\/www.youtube.com\/watch?v=o79Y0FHab_k&amp;feature=youtu.be\" target=\"_blank\" rel=\"noopener\">projecte Google Glass<\/a>\u00a0al documental.<\/p>\n<p>Podeu comprar el documental a trav\u00e9s de la\u00a0<a href=\"http:\/\/shop.polarstarfilms.com\/\" target=\"_blank\" rel=\"noopener\">botiga online de Polar Star Films<\/a>\u00a0o visionar-lo a trav\u00e9s de qualsevol de les seg\u00fcents plataformes de v\u00eddeo a la carta:\u00a0<a href=\"https:\/\/www.filmin.es\/pelicula\/google-y-el-cerebro-mundial\" target=\"_blank\" rel=\"noopener\">Filmin<\/a>,\u00a0<a href=\"http:\/\/www.400films.com\/pelicula\/google-and-world-brain\" target=\"_blank\" rel=\"noopener\">400Films<\/a>,\u00a0<a href=\"http:\/\/www.filmotech.com\/V2\/ES\/FX_FichaPelicula.asp?Id=11217\" target=\"_blank\" rel=\"noopener\">Filmotech<\/a>\u00a0o\u00a0<a href=\"http:\/\/www.plus.es\/programacion\/google-y-el-cerebro-mundial\/E1119021\/\" target=\"_blank\" rel=\"noopener\">Yomvi<\/a>, si voleu saber m\u00e9s sobre aquesta hist\u00f2ria i els perills que comporta el fet que la nostra informaci\u00f3 estigui accessible a Internet. Com va dir Ben Lewis, el director, sobre les\u00a0<a href=\"http:\/\/www.youtube.com\/watch?v=O46oyh0DZeo&amp;list=PLAMmY3P99fx9VBhvr6mnEpqwFhUv3Xknr\" target=\"_blank\" rel=\"noopener\">coses gratu\u00eftes a Internet<\/a>: \u201cQuan alguna cosa \u00e9s gratis, o b\u00e9 hi ha alg\u00fa al darrere a qui no estan pagant per fer la seva feina, o b\u00e9 alg\u00fa est\u00e0 venent les teves dades\u201d. Ens haur\u00edem de preocupar?<\/p>\n","protected":false},"excerpt":{"rendered":"<p>El\u00a0Dia Europeu de la Protecci\u00f3 de Dades es va celebrar per primera vegada l\u2019any 2006 amb l\u2019objectiu de promoure el coneixement entre els ciutadans sobre quins s\u00f3n el seus drets i responsabilitats en mat\u00e8ria de protecci\u00f3 de dades.<\/p>\n","protected":false},"author":108,"featured_media":4186,"comment_status":"closed","ping_status":"closed","sticky":false,"template":"","format":"standard","meta":{"footnotes":""},"categories":[142],"tags":[],"class_list":["post-4190","post","type-post","status-publish","format-standard","has-post-thumbnail","hentry","category-content-ca"],"_links":{"self":[{"href":"https:\/\/www.polarstarfilms.com\/ca\/wp-json\/wp\/v2\/posts\/4190","targetHints":{"allow":["GET"]}}],"collection":[{"href":"https:\/\/www.polarstarfilms.com\/ca\/wp-json\/wp\/v2\/posts"}],"about":[{"href":"https:\/\/www.polarstarfilms.com\/ca\/wp-json\/wp\/v2\/types\/post"}],"author":[{"embeddable":true,"href":"https:\/\/www.polarstarfilms.com\/ca\/wp-json\/wp\/v2\/users\/108"}],"replies":[{"embeddable":true,"href":"https:\/\/www.polarstarfilms.com\/ca\/wp-json\/wp\/v2\/comments?post=4190"}],"version-history":[{"count":1,"href":"https:\/\/www.polarstarfilms.com\/ca\/wp-json\/wp\/v2\/posts\/4190\/revisions"}],"predecessor-version":[{"id":4191,"href":"https:\/\/www.polarstarfilms.com\/ca\/wp-json\/wp\/v2\/posts\/4190\/revisions\/4191"}],"wp:featuredmedia":[{"embeddable":true,"href":"https:\/\/www.polarstarfilms.com\/ca\/wp-json\/wp\/v2\/media\/4186"}],"wp:attachment":[{"href":"https:\/\/www.polarstarfilms.com\/ca\/wp-json\/wp\/v2\/media?parent=4190"}],"wp:term":[{"taxonomy":"category","embeddable":true,"href":"https:\/\/www.polarstarfilms.com\/ca\/wp-json\/wp\/v2\/categories?post=4190"},{"taxonomy":"post_tag","embeddable":true,"href":"https:\/\/www.polarstarfilms.com\/ca\/wp-json\/wp\/v2\/tags?post=4190"}],"curies":[{"name":"wp","href":"https:\/\/api.w.org\/{rel}","templated":true}]}}