{"id":4061,"date":"2014-09-01T19:31:31","date_gmt":"2014-09-01T17:31:31","guid":{"rendered":"https:\/\/worldbrainthefilm.com\/_POLARSTARFILMS2020\/?p=4061"},"modified":"2021-02-23T19:32:43","modified_gmt":"2021-02-23T17:32:43","slug":"projeccions-dun-lloro-a-lorxateria-a-cadis","status":"publish","type":"post","link":"https:\/\/www.polarstarfilms.com\/ca\/projeccions-dun-lloro-a-lorxateria-a-cadis\/","title":{"rendered":"Projeccions d\u2019Un lloro a l\u2019orxateria a Cadis"},"content":{"rendered":"<p>Despr\u00e9s de l\u2019estrena mundial d\u2019\u201cUn lloro a l\u2019orxateria\u201d a Documenta Madrid 2014 i de la participaci\u00f3 al DocsBarcelona d\u2019aquest mateix any, el documental empr\u00e8n volada de nou tot participant a un festival m\u00e9s, el\u00a0<a href=\"http:\/\/www.alcances.org\/\" target=\"_blank\" rel=\"noopener\">Festival Alcances<\/a>, <!--more--><\/p>\n<p><img decoding=\"async\" class=\"alignright\" src=\"https:\/\/www.polarstarfilms.com\/img\/poster_lora_cast_ql.jpg\" \/>que es duu a terme a Cadis del 6 al 13 de setembre.<\/p>\n<p>Aix\u00ed mateix, volem aprofitar aquesta gran not\u00edcia per enlla\u00e7ar-vos l\u2019<a href=\"https:\/\/www.youtube.com\/watch?v=zfPv2QFcLsc\" target=\"_blank\" rel=\"noopener\">entrevista de Documenta Madrid<\/a>\u00a0feta a Ines Thomsen, la directora d\u2019aquest llargmetratge documental, en la qual explica qu\u00e8 la va motivar a fer el documental i quina va ser la ra\u00f3 per la qual va decidir rodar en la perspectiva en la qual ho va fer.<\/p>\n<p>\u201cUn lloro a l\u2019orxateria\u201d explica la hist\u00f2ria de quatre perruqueries del barri del Raval a Barcelona. Quatre c\u00e0psules d\u2019un temps estrany amb persones que van deixar les seves cases per trobar-ne una de millor, ara que els espanyols estan a punt de deixar el seu propi pa\u00eds. Aquest \u00e9s el segon documental d\u2019Ines Thomsen produ\u00eft per Polar Star Films. \u00c9s una\u00a0<strong>coproducci\u00f3 internacional<\/strong>\u00a0amb Filmtank, Alemanya.<\/p>\n<p>Per tenir m\u00e9s informaci\u00f3 sobre les dates i horaris, seguiu-nos a Twitter i Facebook o visiteu els webs dels festivals.<\/p>\n","protected":false},"excerpt":{"rendered":"<p>Despr\u00e9s de l\u2019estrena mundial d\u2019\u201cUn lloro a l\u2019orxateria\u201d a Documenta Madrid 2014 i de la participaci\u00f3 al DocsBarcelona d\u2019aquest mateix any, el documental empr\u00e8n volada de nou tot participant a un festival m\u00e9s, el\u00a0Festival Alcances,<\/p>\n","protected":false},"author":108,"featured_media":4020,"comment_status":"closed","ping_status":"closed","sticky":false,"template":"","format":"standard","meta":{"footnotes":""},"categories":[143],"tags":[],"class_list":["post-4061","post","type-post","status-publish","format-standard","has-post-thumbnail","hentry","category-documental-ca"],"_links":{"self":[{"href":"https:\/\/www.polarstarfilms.com\/ca\/wp-json\/wp\/v2\/posts\/4061","targetHints":{"allow":["GET"]}}],"collection":[{"href":"https:\/\/www.polarstarfilms.com\/ca\/wp-json\/wp\/v2\/posts"}],"about":[{"href":"https:\/\/www.polarstarfilms.com\/ca\/wp-json\/wp\/v2\/types\/post"}],"author":[{"embeddable":true,"href":"https:\/\/www.polarstarfilms.com\/ca\/wp-json\/wp\/v2\/users\/108"}],"replies":[{"embeddable":true,"href":"https:\/\/www.polarstarfilms.com\/ca\/wp-json\/wp\/v2\/comments?post=4061"}],"version-history":[{"count":1,"href":"https:\/\/www.polarstarfilms.com\/ca\/wp-json\/wp\/v2\/posts\/4061\/revisions"}],"predecessor-version":[{"id":4062,"href":"https:\/\/www.polarstarfilms.com\/ca\/wp-json\/wp\/v2\/posts\/4061\/revisions\/4062"}],"wp:featuredmedia":[{"embeddable":true,"href":"https:\/\/www.polarstarfilms.com\/ca\/wp-json\/wp\/v2\/media\/4020"}],"wp:attachment":[{"href":"https:\/\/www.polarstarfilms.com\/ca\/wp-json\/wp\/v2\/media?parent=4061"}],"wp:term":[{"taxonomy":"category","embeddable":true,"href":"https:\/\/www.polarstarfilms.com\/ca\/wp-json\/wp\/v2\/categories?post=4061"},{"taxonomy":"post_tag","embeddable":true,"href":"https:\/\/www.polarstarfilms.com\/ca\/wp-json\/wp\/v2\/tags?post=4061"}],"curies":[{"name":"wp","href":"https:\/\/api.w.org\/{rel}","templated":true}]}}