{"id":4055,"date":"2014-09-08T19:22:32","date_gmt":"2014-09-08T17:22:32","guid":{"rendered":"https:\/\/worldbrainthefilm.com\/_POLARSTARFILMS2020\/?p=4055"},"modified":"2021-02-23T19:23:42","modified_gmt":"2021-02-23T17:23:42","slug":"gaes-estrena-una-trencadora-campanya-publicitaria","status":"publish","type":"post","link":"https:\/\/www.polarstarfilms.com\/ca\/gaes-estrena-una-trencadora-campanya-publicitaria\/","title":{"rendered":"Gaes estrena una trencadora campanya publicit\u00e0ria"},"content":{"rendered":"<p>Avui GAES llan\u00e7a la seva\u00a0<a href=\"http:\/\/www.unavidaparasentirla.com\/\" target=\"_blank\" rel=\"noopener\">nova campanya \u201cUna vida para sentirla\u201d<\/a>,\u00a0<strong>una campanya publicit\u00e0ria de 360 graus<\/strong>\u00a0que marca un abans i un despr\u00e9s en la comunicaci\u00f3 de la marca. <!--more--><\/p>\n<p><img decoding=\"async\" class=\"alignright\" src=\"https:\/\/www.polarstarfilms.com\/img\/gaes_imanol%20_vicente.jpg\" \/>Amb un canvi conceptual radical,\u00a0<strong>GAES s\u2019apropa a les viv\u00e8ncies de persones amb problemes auditius<\/strong>\u00a0per mostrar el benefici personal que aquests aconsegueixen gr\u00e0cies als audi\u00f2fons i a l\u2019equip que conforma GAES.<\/p>\n<p>La campanya publicitaria ha estat duta a terme per\u00a0<a href=\"http:\/\/www.rdcomunicacio.com\/\" target=\"_blank\" rel=\"noopener\">l\u2019ag\u00e8ncia de publicitat RDC Comunicaci\u00f3<\/a>\u00a0i la productora Polar Star Films. Els spots per televisi\u00f3 i canals digitals comptan amb el director Iago Blasi, que des d\u2019un bon comen\u00e7ament han demostrat una gran habilitat a l\u2019hora d\u2019adaptar-se a aquesta nova situaci\u00f3 de no comptar amb actors professionals sin\u00f3 amb\u00a0<strong>testimonis de persones reals<\/strong>. Estem, a m\u00e9s, molt satisfets del treball bra\u00e7 a bra\u00e7 que RDC ha fet amb Polar Star Films i que hagin confiat en el nostre criteri.<\/p>\n<p>La nova campanya publicitaria de GAES segueix comptant amb la participaci\u00f3 del fam\u00f3s\u00a0<a href=\"https:\/\/www.youtube.com\/user\/polarstarfilms\" target=\"_blank\" rel=\"noopener\">actor Imanol Arias<\/a>, que fins ara ha estat la cara i portaveu de la marca. En aquest cas, per\u00f2, es converteix en \u201cl\u2019ambaixador del so\u201d tot apropant-se amb humanitat i senzillesa als personatges reals de la campanya: en Vicente i la Mercedes, compositor musical i professora, respectivament.<\/p>\n<p>Per buscar els protagonistes de la campanya, la producci\u00f3 va comptar amb la col\u00b7laboraci\u00f3 d\u2019audioprotesistes de tota Espanya, que van fer els primers c\u00e0stings entre els clients i que s\u2019han implicat amb il\u00b7lusi\u00f3 i professionalitat des d\u2019un bon inici. Els spots van ser rodats durant el mes de maig a Yecla i Gandia, i Blasi va decidir donar-los un tractament proper al documental per\u00f2 cuidant molt els plans i la fotografia. Precisament per aquestes raons, i perqu\u00e8 es requeria una gran capacitat de reacci\u00f3 i flexibilitat, Polar Star Films va decidir implicar-se i aportar-hi la seva experi\u00e8ncia en el m\u00f3n del documental.<\/p>\n<p>Us convidem, doncs, a\u00a0<a href=\"https:\/\/www.polarstarfilms.com\/ca\/gaes_musica.php\" target=\"_blank\" rel=\"noopener\">visionar els anuncis de la campanya \u201cUna vida para sentirla\u201d<\/a>\u00a0i visitar el web de la campanya, on podreu con\u00e8ixer amb m\u00e9s detall les hist\u00f2ries dels protagonistes, veure la versi\u00f3 extended dels spots, els making of,\u00a0<a href=\"http:\/\/www.unavidaparasentirla.com\/protagonistas.php?pr=vic-3\" target=\"_blank\" rel=\"noopener\">xerrades amb Imanol<\/a>, si sou usuaris d\u2019audi\u00f2fon podreu compartir la vostra hist\u00f2ria i, qui sap, potser ser els protagonistes dels propers spots!<\/p>\n","protected":false},"excerpt":{"rendered":"<p>Avui GAES llan\u00e7a la seva\u00a0nova campanya \u201cUna vida para sentirla\u201d,\u00a0una campanya publicit\u00e0ria de 360 graus\u00a0que marca un abans i un despr\u00e9s en la comunicaci\u00f3 de la marca.<\/p>\n","protected":false},"author":108,"featured_media":3993,"comment_status":"closed","ping_status":"closed","sticky":false,"template":"","format":"standard","meta":{"footnotes":""},"categories":[144],"tags":[],"class_list":["post-4055","post","type-post","status-publish","format-standard","has-post-thumbnail","hentry","category-publicitat"],"_links":{"self":[{"href":"https:\/\/www.polarstarfilms.com\/ca\/wp-json\/wp\/v2\/posts\/4055","targetHints":{"allow":["GET"]}}],"collection":[{"href":"https:\/\/www.polarstarfilms.com\/ca\/wp-json\/wp\/v2\/posts"}],"about":[{"href":"https:\/\/www.polarstarfilms.com\/ca\/wp-json\/wp\/v2\/types\/post"}],"author":[{"embeddable":true,"href":"https:\/\/www.polarstarfilms.com\/ca\/wp-json\/wp\/v2\/users\/108"}],"replies":[{"embeddable":true,"href":"https:\/\/www.polarstarfilms.com\/ca\/wp-json\/wp\/v2\/comments?post=4055"}],"version-history":[{"count":1,"href":"https:\/\/www.polarstarfilms.com\/ca\/wp-json\/wp\/v2\/posts\/4055\/revisions"}],"predecessor-version":[{"id":4056,"href":"https:\/\/www.polarstarfilms.com\/ca\/wp-json\/wp\/v2\/posts\/4055\/revisions\/4056"}],"wp:featuredmedia":[{"embeddable":true,"href":"https:\/\/www.polarstarfilms.com\/ca\/wp-json\/wp\/v2\/media\/3993"}],"wp:attachment":[{"href":"https:\/\/www.polarstarfilms.com\/ca\/wp-json\/wp\/v2\/media?parent=4055"}],"wp:term":[{"taxonomy":"category","embeddable":true,"href":"https:\/\/www.polarstarfilms.com\/ca\/wp-json\/wp\/v2\/categories?post=4055"},{"taxonomy":"post_tag","embeddable":true,"href":"https:\/\/www.polarstarfilms.com\/ca\/wp-json\/wp\/v2\/tags?post=4055"}],"curies":[{"name":"wp","href":"https:\/\/api.w.org\/{rel}","templated":true}]}}