{"id":3240,"date":"2019-05-09T17:24:26","date_gmt":"2019-05-09T15:24:26","guid":{"rendered":"https:\/\/worldbrainthefilm.com\/_POLARSTARFILMS2020\/?p=3240"},"modified":"2021-04-07T12:26:42","modified_gmt":"2021-04-07T10:26:42","slug":"con-el-viento-en-streaming-i-duo-va-a-cannes","status":"publish","type":"post","link":"https:\/\/www.polarstarfilms.com\/ca\/con-el-viento-en-streaming-i-duo-va-a-cannes\/","title":{"rendered":"Con el viento en streaming i DUO va a Cannes!"},"content":{"rendered":"<p>Despr\u00e9s del seu recorregut per festivals de tot el m\u00f3n, el primer llargmetratge de ficci\u00f3 de Polar Star Films,\u00a0<em>Con el viento,<\/em>\u00a0ja est\u00e0 disponible<br \/>\n<!--more--><\/p>\n<p><img decoding=\"async\" class=\"alignright\" src=\"https:\/\/www.polarstarfilms.com\/img\/4news\/DUO_noticia-Cannes.jpg\" \/><\/p>\n<p>en <a href=\"https:\/\/vod.mujeresdecine.com\/pelicula\/5c8980894fdd054393bdea79\">streaming a trav\u00e9s de la plataforma Mujeres de Cine a Espanya<\/a>\u00a0i de la plataforma\u00a0<a href=\"https:\/\/www.primevideo.com\/region\/eu\/detail\/0G0XZCIO6F1YY9G8QVVDJB5NX7\/ref=sr_def_c_unkc__1_1_1?sr=1-1&amp;qid=1551862936&amp;fbclid=IwAR16xQZBa02lAUZ3V0S9VfJ64EfAT9ergS9p_cLgZVgxHUN9UqMP0T2poAE\" target=\"_blank\" rel=\"noopener\">Amazon Prime Video a Espanya, Regne Unit, Dinamarca, Noruega, Finl\u00e0ndia i Su\u00e8cia<\/a>. Despr\u00e9s de la seva estrena a la Berlinale 2018, on va captivar al p\u00fablic i a la cr\u00edtica, i en cinemes al novembre del mateix any,\u00a0<em>Con el viento<\/em>\u00a0porta a l&#8217;esquena premis com la\u00a0<strong>Biznaga de Plata a Millor Pel\u00b7l\u00edcula al Festival de M\u00e1laga<\/strong>\u00a0o la menci\u00f3 especial del premi\u00a0<strong>Talents al D\u2019A Festival<\/strong>\u00a0de Barcelona.<\/p>\n<p>Ara la seva directora, Meritxell Colell, s&#8217;embarca en un altre projecte,\u00a0<a href=\"https:\/\/www.marchedufilm.com\/en\/goes-to-cannes\/home\" target=\"_blank\" rel=\"noopener\">&#8220;<em>DUO,<\/em>\u00a0que estar\u00e0 al March\u00e9 du Film del Festival de Cannes<\/a>, gr\u00e0cies als premis atorgats en el passat Festival de M\u00e1laga: Premi Malaga Goes to Cannes i Premi Abycine Lanza. A\u00a0<em>DUO,<\/em>\u00a0els ballarins M\u00f3nica i Colate, despr\u00e9s de 24 anys compartint vida professional i personal, hauran d&#8217;aprendre a dir-se ad\u00e9u en la seva \u00faltima gira junts. A 4000 metres d&#8217;altitud, el desert and\u00ed posar\u00e0 a prova els l\u00edmits de la seva relaci\u00f3 i dels seus cossos. Perqu\u00e8 a vegades estimar vol dir saber deixar anar.<\/p>\n<p>El March\u00e9 du Film de Cannes, que compleix el seu 60\u00e8 aniversari, s&#8217;ha convertit en un referent i en un punt de trobada obligat per als professionals de la ind\u00fastria cinematogr\u00e0fica, atorgant als productors la possibilitat d&#8217;atendre workshops i reunions espec\u00edfiques per als seus projectes.<\/p>\n","protected":false},"excerpt":{"rendered":"<p>Despr\u00e9s del seu recorregut per festivals de tot el m\u00f3n, el primer llargmetratge de ficci\u00f3 de Polar Star Films,\u00a0Con el viento,\u00a0ja est\u00e0 disponible<\/p>\n","protected":false},"author":11,"featured_media":3195,"comment_status":"closed","ping_status":"closed","sticky":false,"template":"","format":"standard","meta":{"footnotes":""},"categories":[143,145],"tags":[],"class_list":["post-3240","post","type-post","status-publish","format-standard","has-post-thumbnail","hentry","category-documental-ca","category-ficcio"],"_links":{"self":[{"href":"https:\/\/www.polarstarfilms.com\/ca\/wp-json\/wp\/v2\/posts\/3240","targetHints":{"allow":["GET"]}}],"collection":[{"href":"https:\/\/www.polarstarfilms.com\/ca\/wp-json\/wp\/v2\/posts"}],"about":[{"href":"https:\/\/www.polarstarfilms.com\/ca\/wp-json\/wp\/v2\/types\/post"}],"author":[{"embeddable":true,"href":"https:\/\/www.polarstarfilms.com\/ca\/wp-json\/wp\/v2\/users\/11"}],"replies":[{"embeddable":true,"href":"https:\/\/www.polarstarfilms.com\/ca\/wp-json\/wp\/v2\/comments?post=3240"}],"version-history":[{"count":3,"href":"https:\/\/www.polarstarfilms.com\/ca\/wp-json\/wp\/v2\/posts\/3240\/revisions"}],"predecessor-version":[{"id":5015,"href":"https:\/\/www.polarstarfilms.com\/ca\/wp-json\/wp\/v2\/posts\/3240\/revisions\/5015"}],"wp:featuredmedia":[{"embeddable":true,"href":"https:\/\/www.polarstarfilms.com\/ca\/wp-json\/wp\/v2\/media\/3195"}],"wp:attachment":[{"href":"https:\/\/www.polarstarfilms.com\/ca\/wp-json\/wp\/v2\/media?parent=3240"}],"wp:term":[{"taxonomy":"category","embeddable":true,"href":"https:\/\/www.polarstarfilms.com\/ca\/wp-json\/wp\/v2\/categories?post=3240"},{"taxonomy":"post_tag","embeddable":true,"href":"https:\/\/www.polarstarfilms.com\/ca\/wp-json\/wp\/v2\/tags?post=3240"}],"curies":[{"name":"wp","href":"https:\/\/api.w.org\/{rel}","templated":true}]}}