{"id":3161,"date":"2019-05-31T16:31:13","date_gmt":"2019-05-31T14:31:13","guid":{"rendered":"https:\/\/worldbrainthefilm.com\/_POLARSTARFILMS2020\/?p=3161"},"modified":"2021-04-01T12:18:19","modified_gmt":"2021-04-01T10:18:19","slug":"me-llamo-violeta-premi-public-de-docsbarcelona-i-premi-damnistia-internacional-catalunya","status":"publish","type":"post","link":"https:\/\/www.polarstarfilms.com\/ca\/me-llamo-violeta-premi-public-de-docsbarcelona-i-premi-damnistia-internacional-catalunya\/","title":{"rendered":"Me llamo Violeta Premi P\u00fablic de DocsBarcelona i Premi d\u2019Amnistia Internacional Catalunya"},"content":{"rendered":"<p>La gran rebuda de\u00a0<em>Me llamo Violeta<\/em>\u00a0al DocsBarcelona s\u2019ha consolidat amb l\u2019honor de guanyar dos premis, el del Premi del P\u00fablic i el d\u2019Amnistia Internacional Catalunya (AIC).<!--more--><\/p>\n<p><img decoding=\"async\" class=\"alignright\" src=\"https:\/\/www.polarstarfilms.com\/img\/4news\/violeta_laurels_docsbcn.jpg\" alt=\"violeta laurels docsbcn\" \/><\/p>\n<p>El Premi d\u2019Amnistia Internacional Catalunya, que l\u2019AIC entrega per cinquena vegada, reconeix un documental que, per la seva tem\u00e0tica, s\u2019implica en la defensa de drets proclamats en la\u00a0Declaraci\u00f3 Universal del Drets Humans, a m\u00e9s de mostrar un alt valor cinematogr\u00e0fic en la lluita per transformar la realitat. El jurat justifica aix\u00ed el seu guard\u00f3: \u201cLa\u00a0transexualitat\u00a0\u00e9s un tab\u00fa social que sovint comporta rebuig, discriminaci\u00f3 i vulneraci\u00f3 de drets de les persones trans. Amnistia reconeix aquest documental perqu\u00e8 mostra el tr\u00e0nsit que afronten les\u00a0persones transg\u00e8nere\u00a0amb una producci\u00f3 \u00e0gil i positiva, i que en visibilitza la normalitzaci\u00f3 i contribueix a la construcci\u00f3 d\u2019una societat m\u00e9s justa, oberta i inclusiva\u201d.<\/p>\n<p><em>Me llamo Violeta<\/em>, dirigida per Marc Parramon i David Fernandez de Castro, \u00e9s una coproducci\u00f3 entre Polar Star Films i Mediapro, en col\u00b7laboraci\u00f3 amb DKiss i Movistar+ i TV3, amb el suport de l&#8217;ICEC.<\/p>\n","protected":false},"excerpt":{"rendered":"<p>La gran rebuda de\u00a0Me llamo Violeta\u00a0al DocsBarcelona s\u2019ha consolidat amb l\u2019honor de guanyar dos premis, el del Premi del P\u00fablic i el d\u2019Amnistia Internacional Catalunya (AIC).<\/p>\n","protected":false},"author":11,"featured_media":3049,"comment_status":"closed","ping_status":"closed","sticky":false,"template":"","format":"standard","meta":{"footnotes":""},"categories":[143],"tags":[],"class_list":["post-3161","post","type-post","status-publish","format-standard","has-post-thumbnail","hentry","category-documental-ca"],"_links":{"self":[{"href":"https:\/\/www.polarstarfilms.com\/ca\/wp-json\/wp\/v2\/posts\/3161","targetHints":{"allow":["GET"]}}],"collection":[{"href":"https:\/\/www.polarstarfilms.com\/ca\/wp-json\/wp\/v2\/posts"}],"about":[{"href":"https:\/\/www.polarstarfilms.com\/ca\/wp-json\/wp\/v2\/types\/post"}],"author":[{"embeddable":true,"href":"https:\/\/www.polarstarfilms.com\/ca\/wp-json\/wp\/v2\/users\/11"}],"replies":[{"embeddable":true,"href":"https:\/\/www.polarstarfilms.com\/ca\/wp-json\/wp\/v2\/comments?post=3161"}],"version-history":[{"count":2,"href":"https:\/\/www.polarstarfilms.com\/ca\/wp-json\/wp\/v2\/posts\/3161\/revisions"}],"predecessor-version":[{"id":4967,"href":"https:\/\/www.polarstarfilms.com\/ca\/wp-json\/wp\/v2\/posts\/3161\/revisions\/4967"}],"wp:featuredmedia":[{"embeddable":true,"href":"https:\/\/www.polarstarfilms.com\/ca\/wp-json\/wp\/v2\/media\/3049"}],"wp:attachment":[{"href":"https:\/\/www.polarstarfilms.com\/ca\/wp-json\/wp\/v2\/media?parent=3161"}],"wp:term":[{"taxonomy":"category","embeddable":true,"href":"https:\/\/www.polarstarfilms.com\/ca\/wp-json\/wp\/v2\/categories?post=3161"},{"taxonomy":"post_tag","embeddable":true,"href":"https:\/\/www.polarstarfilms.com\/ca\/wp-json\/wp\/v2\/tags?post=3161"}],"curies":[{"name":"wp","href":"https:\/\/api.w.org\/{rel}","templated":true}]}}