{"id":3155,"date":"2019-06-19T15:25:57","date_gmt":"2019-06-19T13:25:57","guid":{"rendered":"https:\/\/worldbrainthefilm.com\/_POLARSTARFILMS2020\/?p=3155"},"modified":"2021-04-01T12:16:21","modified_gmt":"2021-04-01T10:16:21","slug":"idrissa-guanya-el-premi-al-millor-documental-al-fic-cat","status":"publish","type":"post","link":"https:\/\/www.polarstarfilms.com\/ca\/idrissa-guanya-el-premi-al-millor-documental-al-fic-cat\/","title":{"rendered":"Idrissa, guanya el Premi al Millor Documental al FIC-CAT"},"content":{"rendered":"<p><a href=\"https:\/\/www.fic-cat.cat\/\" target=\"_blank\" rel=\"noopener\">El Festival Internacional de Cinema Catal\u00e0 FIC-CAT\u00a0<\/a>ha premiat\u00a0<a href=\"https:\/\/www.polarstarfilms.com\/ca\/d_idrissa.php\" target=\"_blank\" rel=\"noopener\"><em>Idrissa, cr\u00f2nica d\u2019una mort qualsevol<\/em>\u00a0amb el Premi al Millor Documental<\/a> <!--more--><\/p>\n<p><img decoding=\"async\" class=\"alignright\" src=\"https:\/\/www.polarstarfilms.com\/img\/4news\/Idrissa-millor-documental-FIC-CAT.jpg\" alt=\"Idrissa-millor-documental-FIC-CAT\" \/><\/p>\n<p>en la seva 12a edici\u00f3 que va tenir lloc entre el 8 i el 15 de juny a Roda de Ber\u00e0. La projecci\u00f3 del documental va estar acompanyada d\u2019un col\u2022loqui i d\u2019una entrevista al director Xavier Artigas i a Jordi Ambr\u00f2s, director del Departament de Documentals de TV3 i productor delegat del projecte. Dissabte passat, Xavier Artigas i la productora Bel\u00e9n S\u00e1nchez van recollir el premi.<\/p>\n<p>L\u2019Ajuntament de Barcelona tamb\u00e9 va premiar recentment la pel\u2022l\u00edcula amb\u00a0<a href=\"http:\/\/ajuntament.barcelona.cat\/premsa\/2019\/04\/11\/lajuntament-lliura-els-premis-montserrat-roig-al-periodisme-i-la-comunicacio-social-de-barcelona-2018\/\" target=\"_blank\" rel=\"noopener\">el prestigi\u00f3s guard\u00f3 al periodisme i comunicaci\u00f3 social Montserrat Roig<\/a>.\u00a0<em>Idrissa, cr\u00f2nica d\u2019una mort qualsevol<\/em>\u00a0es una producci\u00f3 rodada a Barcelona, a Espanya i a Guinea Conakry, produ\u00efda per Polar Star Films i Metromuster, i dirigida per Xavier Artigas i Xapo Ortega.<\/p>\n","protected":false},"excerpt":{"rendered":"<p>El Festival Internacional de Cinema Catal\u00e0 FIC-CAT\u00a0ha premiat\u00a0Idrissa, cr\u00f2nica d\u2019una mort qualsevol\u00a0amb el Premi al Millor Documental<\/p>\n","protected":false},"author":11,"featured_media":3034,"comment_status":"closed","ping_status":"closed","sticky":false,"template":"","format":"standard","meta":{"footnotes":""},"categories":[143],"tags":[],"class_list":["post-3155","post","type-post","status-publish","format-standard","has-post-thumbnail","hentry","category-documental-ca"],"_links":{"self":[{"href":"https:\/\/www.polarstarfilms.com\/ca\/wp-json\/wp\/v2\/posts\/3155","targetHints":{"allow":["GET"]}}],"collection":[{"href":"https:\/\/www.polarstarfilms.com\/ca\/wp-json\/wp\/v2\/posts"}],"about":[{"href":"https:\/\/www.polarstarfilms.com\/ca\/wp-json\/wp\/v2\/types\/post"}],"author":[{"embeddable":true,"href":"https:\/\/www.polarstarfilms.com\/ca\/wp-json\/wp\/v2\/users\/11"}],"replies":[{"embeddable":true,"href":"https:\/\/www.polarstarfilms.com\/ca\/wp-json\/wp\/v2\/comments?post=3155"}],"version-history":[{"count":2,"href":"https:\/\/www.polarstarfilms.com\/ca\/wp-json\/wp\/v2\/posts\/3155\/revisions"}],"predecessor-version":[{"id":4966,"href":"https:\/\/www.polarstarfilms.com\/ca\/wp-json\/wp\/v2\/posts\/3155\/revisions\/4966"}],"wp:featuredmedia":[{"embeddable":true,"href":"https:\/\/www.polarstarfilms.com\/ca\/wp-json\/wp\/v2\/media\/3034"}],"wp:attachment":[{"href":"https:\/\/www.polarstarfilms.com\/ca\/wp-json\/wp\/v2\/media?parent=3155"}],"wp:term":[{"taxonomy":"category","embeddable":true,"href":"https:\/\/www.polarstarfilms.com\/ca\/wp-json\/wp\/v2\/categories?post=3155"},{"taxonomy":"post_tag","embeddable":true,"href":"https:\/\/www.polarstarfilms.com\/ca\/wp-json\/wp\/v2\/tags?post=3155"}],"curies":[{"name":"wp","href":"https:\/\/api.w.org\/{rel}","templated":true}]}}