{"id":2906,"date":"2020-10-09T20:15:59","date_gmt":"2020-10-09T18:15:59","guid":{"rendered":"https:\/\/worldbrainthefilm.com\/_POLARSTARFILMS2020\/?p=2906"},"modified":"2021-03-23T13:05:40","modified_gmt":"2021-03-23T11:05:40","slug":"time-thieves-idrissa-violeta-i-con-el-viento","status":"publish","type":"post","link":"https:\/\/www.polarstarfilms.com\/ca\/time-thieves-idrissa-violeta-i-con-el-viento\/","title":{"rendered":"Time Thieves, Idrissa, Violeta i Con el viento."},"content":{"rendered":"<p>Les estrelles se&#8217;ns han alineat aquesta tardor amb el retorn, a la gran pantalla i a video-on-demand, de diversos documentals i produccions cinematogr\u00e0fiques de ficci\u00f3 de Polar Star Films.<!--more--><\/p>\n<p>&nbsp;<\/p>\n<p><em>Lladres de temps<\/em>,\u00a0<em>Idrissa cr\u00f2nica d&#8217;una mort qualsevol<\/em>,\u00a0<em>Me llamo Violeta<\/em>\u00a0i\u00a0<em>Con el viento<\/em>\u00a0formaran part de diferents programacions nacionals i internacionals aquesta tardor.<\/p>\n<p><img decoding=\"async\" class=\"alignright\" src=\"https:\/\/worldbrainthefilm.com\/_POLARSTARFILMS2020\/wp-content\/uploads\/2021\/02\/conelviento-retrospectiva-350x350.jpg\" \/><\/p>\n<p><strong><em>Lladres de temps<\/em><\/strong>\u00a0arrenca el 14 d\u2019octubre amb una nova temporada de projeccions de Cine Lliure a les biblioteques de Barcelona, que s\u2019allargar\u00e0 fins al 26 de novembre. Consulteu el lloc web de\u00a0<a href=\"https:\/\/cinemalliure.com\/lladres-temps\/\" target=\"_blank\" rel=\"noopener\">Cine Lliure<\/a>\u00a0per saber les dates i llocs exactes d\u2019aquestes projeccions gratu\u00eftes.<\/p>\n<p><strong><em>Con el viento<\/em><\/strong>\u00a0ha estat seleccionat per a la mostra itinerant de pel\u00b7l\u00edcules\u00a0<em>Mujeres de Cine online USA<\/em>, dedicat a la promoci\u00f3 de pel\u00b7l\u00edcules espanyoles fetes per dones. Organitzat per l&#8217;ambaixada d&#8217;Espanya a Washington,\u00a0<em>Con el viento<\/em>\u00a0inaugura el programa i pot ser vist online gratu\u00eftament a trav\u00e9s de RSVP del 16 al 23 d&#8217;octubre. Consulteu el lloc web de l\u2019<a href=\"https:\/\/www.spainculture.us\/city\/online\/mujeres-de-cine-film-series-2020\/\" target=\"_blank\" rel=\"noopener\">Ambaixada d\u2019Espanya<\/a>\u00a0per obtenir informaci\u00f3 detallada i per confirmar la vostra assist\u00e8ncia.<\/p>\n<p><strong><em>Me llamo Violeta<\/em><\/strong>\u00a0es projectar\u00e0 a diferents localitzacions de Barcelona, Ast\u00faries, Berna i Su\u00efssa.\u00a0<a href=\"https:\/\/www.barcelona.cat\/pantallabarcelona\/es\/que-es-pantalla-barcelona\" target=\"_blank\" rel=\"noopener\">Pantalla Barcelona<\/a>\u00a0ha organitzat projeccions del 20 d\u2019octubre al 4 de desembre a diversos centres c\u00edvics de la capital catalana. AESEX, juntament amb el\u00a0<a href=\"https:\/\/www.astursalud.es\/noticias\/-\/noticias\/ciclo-de-cine-sexualidades-en-plural-\" target=\"_blank\" rel=\"noopener\">Servei de Salut d&#8217;Ast\u00faries<\/a>, t\u00e9 programades projeccions per al novembre, i el\u00a0<a href=\"https:\/\/www.queersicht.ch\/index.php\/de-de\/\" target=\"_blank\" rel=\"noopener\">Queersicht Festival<\/a>\u00a0de Berna es desenvolupar\u00e0 del 5 a l&#8217;11 de novembre. Consulteu el lloc web de cada organitzador per obtenir m\u00e9s informaci\u00f3.<\/p>\n<p><strong><em>Idrissa, cr\u00f2nica d\u2019una mort qualsevol\u00a0<\/em><\/strong>estar\u00e0 disponible, del 22 al 25 d\u2019octubre de 18h a 18h, gratu\u00eftament per video-on-demand gr\u00e0cies a una col\u00b7laboraci\u00f3 entre el Festival de cinema afric\u00e0 de Tarifa i l\u2019Ajuntament de Parets. Consulteu el lloc web del\u00a0<a href=\"https:\/\/www.fcat.es\/\" target=\"_blank\" rel=\"noopener\">FCAT<\/a>\u00a0per obtenir el codi promocional.<\/p>\n<p>Consulteu el nostre\u00a0<a href=\"https:\/\/www.polarstarfilms.com\/ca\/calendari.php\" target=\"_blank\" rel=\"noopener\">calendari<\/a>\u00a0per con\u00e8ixer les dates i els detalls de totes les properes projeccions i esdeveniments.<\/p>\n","protected":false},"excerpt":{"rendered":"<p>Les estrelles se&#8217;ns han alineat aquesta tardor amb el retorn, a la gran pantalla i a video-on-demand, de diversos documentals i produccions cinematogr\u00e0fiques de ficci\u00f3 de Polar Star Films.<\/p>\n","protected":false},"author":11,"featured_media":2907,"comment_status":"closed","ping_status":"closed","sticky":false,"template":"","format":"standard","meta":{"footnotes":""},"categories":[145],"tags":[],"class_list":["post-2906","post","type-post","status-publish","format-standard","has-post-thumbnail","hentry","category-ficcio"],"_links":{"self":[{"href":"https:\/\/www.polarstarfilms.com\/ca\/wp-json\/wp\/v2\/posts\/2906","targetHints":{"allow":["GET"]}}],"collection":[{"href":"https:\/\/www.polarstarfilms.com\/ca\/wp-json\/wp\/v2\/posts"}],"about":[{"href":"https:\/\/www.polarstarfilms.com\/ca\/wp-json\/wp\/v2\/types\/post"}],"author":[{"embeddable":true,"href":"https:\/\/www.polarstarfilms.com\/ca\/wp-json\/wp\/v2\/users\/11"}],"replies":[{"embeddable":true,"href":"https:\/\/www.polarstarfilms.com\/ca\/wp-json\/wp\/v2\/comments?post=2906"}],"version-history":[{"count":4,"href":"https:\/\/www.polarstarfilms.com\/ca\/wp-json\/wp\/v2\/posts\/2906\/revisions"}],"predecessor-version":[{"id":4861,"href":"https:\/\/www.polarstarfilms.com\/ca\/wp-json\/wp\/v2\/posts\/2906\/revisions\/4861"}],"wp:featuredmedia":[{"embeddable":true,"href":"https:\/\/www.polarstarfilms.com\/ca\/wp-json\/wp\/v2\/media\/2907"}],"wp:attachment":[{"href":"https:\/\/www.polarstarfilms.com\/ca\/wp-json\/wp\/v2\/media?parent=2906"}],"wp:term":[{"taxonomy":"category","embeddable":true,"href":"https:\/\/www.polarstarfilms.com\/ca\/wp-json\/wp\/v2\/categories?post=2906"},{"taxonomy":"post_tag","embeddable":true,"href":"https:\/\/www.polarstarfilms.com\/ca\/wp-json\/wp\/v2\/tags?post=2906"}],"curies":[{"name":"wp","href":"https:\/\/api.w.org\/{rel}","templated":true}]}}