{"id":2901,"date":"2020-11-11T20:10:12","date_gmt":"2020-11-11T18:10:12","guid":{"rendered":"https:\/\/worldbrainthefilm.com\/_POLARSTARFILMS2020\/?p=2901"},"modified":"2021-03-23T13:05:35","modified_gmt":"2021-03-23T11:05:35","slug":"los-constructores-de-la-alhambra","status":"publish","type":"post","link":"https:\/\/www.polarstarfilms.com\/ca\/los-constructores-de-la-alhambra\/","title":{"rendered":"Los constructores de la Alhambra Media TV Programming"},"content":{"rendered":"<p>El projecte documental\u00a0<em>Los constructores de la Alhambra<\/em>\u00a0ha rebut l&#8217;ajuda de MEDIA TV Programming.<!--more--><\/p>\n<p>&nbsp;<\/p>\n<p>El llargmetratge, de la directora Isabel Fern\u00e1ndez, \u00e9s un projecte \u00fanic que reconstruir\u00e0 per primera vegada la societat nassarita de l&#8217;Andalusia de segle XIV.<\/p>\n<p>Previst per entrar en producci\u00f3 el 2021,\u00a0<em>Los constructores de la Alhambra<\/em>\u00a0explica la hist\u00f2ria dels homes i dones que van construir l&#8217;emblem\u00e0tica fortalesa, i com hi bu<img decoding=\"async\" class=\"alignright\" src=\"https:\/\/worldbrainthefilm.com\/_POLARSTARFILMS2020\/wp-content\/uploads\/2021\/02\/contructrores_Alhambra-350x198.jpg\" \/>scaven aconseguir la f\u00f3rmula de la bellesa perfecta. El documental llargmetratge reunir\u00e0 tecnologia i hist\u00f2ria, arqueologia i efectes digitals. Recrear\u00e0 la societat nassarita del segle XIV i el proc\u00e9s de construcci\u00f3 dels palaus de Comares i Leones, posant en valor els coneixements cient\u00edfics que ens van deixar els savis andalusins \u200b\u200ben disciplines com l&#8217;astronomia, les<\/p>\n<p>matem\u00e0tiques, la medicina, l&#8217;agronomia o la navegaci\u00f3.<\/p>\n<p><em>Los constructores de la Alhambra\u00a0<\/em>\u00e9s una producci\u00f3 d&#8217;El de las dos vidas AIE, Al Pati Produccions i Polar Star Films. Amb la participaci\u00f3 de RTVE, ORF, ARTE\/Z<\/p>\n<p>DF i Aljazeera Documentary Channel. En col\u00b7laboraci\u00f3 amb SVT, Cesk\u00e1 Televise, MTVA Hungr\u00eda, TV Slovakia, RAI Sudtirol i RTV Slovenia. Amb la col\u00b7laboraci\u00f3 del Patronato de la Alhambra y Generalife,<a name=\"_GoBack1\"><\/a>\u00a0i l&#8217;assessorament cient\u00edfic de la Universitat de Granada i el Consell Superior d&#8217;Investigacions Cient\u00edfiques, CSIC. Amb el suport de La Agencia Andaluza de Instituciones Culturales, MEDIA TV Programming i l&#8217;ICEC. Vendes internacionals per ORF Enterprise. Distribuci\u00f3 Versi\u00f3n Digital.<\/p>\n","protected":false},"excerpt":{"rendered":"<p>El projecte documental\u00a0Los constructores de la Alhambra\u00a0ha rebut l&#8217;ajuda de MEDIA TV Programming.<\/p>\n","protected":false},"author":11,"featured_media":2903,"comment_status":"closed","ping_status":"closed","sticky":false,"template":"","format":"standard","meta":{"footnotes":""},"categories":[143],"tags":[],"class_list":["post-2901","post","type-post","status-publish","format-standard","has-post-thumbnail","hentry","category-documental-ca"],"_links":{"self":[{"href":"https:\/\/www.polarstarfilms.com\/ca\/wp-json\/wp\/v2\/posts\/2901","targetHints":{"allow":["GET"]}}],"collection":[{"href":"https:\/\/www.polarstarfilms.com\/ca\/wp-json\/wp\/v2\/posts"}],"about":[{"href":"https:\/\/www.polarstarfilms.com\/ca\/wp-json\/wp\/v2\/types\/post"}],"author":[{"embeddable":true,"href":"https:\/\/www.polarstarfilms.com\/ca\/wp-json\/wp\/v2\/users\/11"}],"replies":[{"embeddable":true,"href":"https:\/\/www.polarstarfilms.com\/ca\/wp-json\/wp\/v2\/comments?post=2901"}],"version-history":[{"count":5,"href":"https:\/\/www.polarstarfilms.com\/ca\/wp-json\/wp\/v2\/posts\/2901\/revisions"}],"predecessor-version":[{"id":4860,"href":"https:\/\/www.polarstarfilms.com\/ca\/wp-json\/wp\/v2\/posts\/2901\/revisions\/4860"}],"wp:featuredmedia":[{"embeddable":true,"href":"https:\/\/www.polarstarfilms.com\/ca\/wp-json\/wp\/v2\/media\/2903"}],"wp:attachment":[{"href":"https:\/\/www.polarstarfilms.com\/ca\/wp-json\/wp\/v2\/media?parent=2901"}],"wp:term":[{"taxonomy":"category","embeddable":true,"href":"https:\/\/www.polarstarfilms.com\/ca\/wp-json\/wp\/v2\/categories?post=2901"},{"taxonomy":"post_tag","embeddable":true,"href":"https:\/\/www.polarstarfilms.com\/ca\/wp-json\/wp\/v2\/tags?post=2901"}],"curies":[{"name":"wp","href":"https:\/\/api.w.org\/{rel}","templated":true}]}}